{"id":291263,"date":"2024-03-06T08:52:19","date_gmt":"2024-03-06T07:52:19","guid":{"rendered":"https:\/\/simex.es\/?p=291263"},"modified":"2024-03-06T10:37:18","modified_gmt":"2024-03-06T09:37:18","slug":"scopri-quale-asciugacapelli-si-adatta-meglio-alle-tue-esigenze","status":"publish","type":"post","link":"https:\/\/simex.es\/it\/scopri-quale-asciugacapelli-si-adatta-meglio-alle-tue-esigenze\/","title":{"rendered":"Scopri quale asciugacapelli si adatta meglio alle tue esigenze"},"content":{"rendered":"<h1><strong>Scopri quale asciugacapelli si adatta meglio alle tue esigenze<\/strong><\/h1>\n<p>Uno dei prodotti che si trovano praticamente in tutti gli hotel sono gli asciugacapelli, poich\u00e9 sono un elemento essenziale nelle routine di igiene di chiunque. Perci\u00f2, in questo articolo ti presenteremo la nostra ampia offerta di asciugacapelli, in modo che tu possa scegliere quello che meglio si adatta alle esigenze della tua struttura alberghiera (o spa, spogliatoio, appartamento, ostello, ecc.). Non perdertelo!<\/p>\n<h2><strong>Gli hotel sono obbligati a fornire asciugacapelli?<\/strong><\/h2>\n<p>La legge obbliga solo in alcuni casi gli hotel a dotarsi di asciugacapelli (a seconda della normativa di ogni comunit\u00e0 autonoma). Ad esempio, in Cantabria e in Galizia sono obbligati solo quelli a tre stelle o pi\u00f9, mentre in Andalusia e in Catalogna sono quelli a quattro stelle o pi\u00f9. Nelle Canarie, invece, tutti gli hotel devono fornire l&#8217;asciugacapelli. Ma anche se la tua struttura alberghiera non \u00e8 obbligata a fornirlo ai tuoi ospiti, se \u00e8 disponibile, sicuramente lo apprezzeranno, poich\u00e9 \u00e8 un accessorio da bagno molto richiesto e utilizzato.<\/p>\n<h2><strong>La nostra ampia gamma di asciugacapelli<\/strong><\/h2>\n<p>Da <span style=\"color: #ff6600;\"><a style=\"color: #ff6600;\" href=\"https:\/\/simex.es\/\">Simex<\/a><\/span>, offriamo una vasta gamma di <span style=\"color: #ff6600;\"><a style=\"color: #ff6600;\" href=\"https:\/\/simex.es\/secadores-de-cabello\/\">asciugacapelli<\/a><\/span> che rispondono alle esigenze di ogni attrezzatura. Ne abbiamo due tipi, con supporto a parete o senza. In ognuna di esse, troverai tutte le nostre serie di asciugacapelli per hotel, dalla pi\u00f9 classica alla pi\u00f9 esclusiva, con design esclusivo di Simex.<\/p>\n<p>Inoltre, tutte le nostre serie di asciugacapelli per hotel offrono una vasta gamma di finiture e potenze da scegliere, a partire da 900 W fino a 2.100 W. Tutti gli asciugacapelli per hotel Simex sono certificati CE e dispongono di certificazione di qualit\u00e0 interna.<\/p>\n<h3><strong>Asciugacapelli con supporto a parete<\/strong><\/h3>\n<p>Abbiamo tre serie di <span style=\"color: #ff6600;\"><a style=\"color: #ff6600;\" href=\"https:\/\/simex.es\/secadores-de-cabello\/con-soporte-a-pared\/\">asciugacapelli con supporto a parete<\/a><\/span>: Airtop, Basic e Linex.<\/p>\n<p><span style=\"color: #ff6600; font-size: 95%;\"><a style=\"color: #ff6600;\" href=\"https:\/\/simex.es\/secadores-de-cabello\/con-soporte-a-pared\/serie-airtop-2\/\"><strong>Serie Airtop<\/strong><\/a>:<\/span> Offriamo due asciugacapelli con supporto murale tipo pistola automatica e interruttore ON\/OFF, due velocit\u00e0 e due temperature di uscita dell&#8217;aria, freddo e caldo, pulsante ON\/OFF di sicurezza e scocca in ABS.<\/p>\n<p>Da un lato, l&#8217;<span style=\"color: #ff6600;\"><a style=\"color: #ff6600;\" href=\"https:\/\/simex.es\/secador-de-cabello-airtop-1-800-w\/\">asciugacapelli da 1.800 W<\/a> <\/span>\u00e8 di colore nero con inserti cromati.<\/p>\n\t\n  \n    <div class=\"row large-columns-4 medium-columns-3 small-columns-2 row-small has-shadow row-box-shadow-1 row-box-shadow-3-hover slider row-slider slider-nav-reveal slider-nav-push\"  data-flickity-options='{&quot;imagesLoaded&quot;: true, &quot;groupCells&quot;: &quot;100%&quot;, &quot;dragThreshold&quot; : 5, &quot;cellAlign&quot;: &quot;left&quot;,&quot;wrapAround&quot;: true,&quot;prevNextButtons&quot;: true,&quot;percentPosition&quot;: true,&quot;pageDots&quot;: false, &quot;rightToLeft&quot;: false, &quot;autoPlay&quot; : false}' >\n\n  \n\t     <div class=\"product-small col has-hover product type-product post-90535 status-publish first instock product_cat-asciugacapelli product_cat-con-supporto-da-parete product_cat-linea-airtop-it has-post-thumbnail shipping-taxable purchasable product-type-simple\">\n\t<div class=\"col-inner\">\n\t\n<div class=\"badge-container absolute left top z-1\">\n\n<\/div>\n\t<div class=\"product-small box \">\n\t\t<div class=\"box-image\">\n\t\t\t<div class=\"image-fade_in_back\">\n\t\t\t\t<a href=\"https:\/\/simex.es\/it\/asciugacapelli-airtop-1-800-w\/\">\n\t\t\t\t\t<img loading=\"lazy\" decoding=\"async\" width=\"247\" height=\"296\" src=\"https:\/\/simex.es\/wp-content\/uploads\/2020\/10\/01070-247x296.webp\" class=\"attachment-woocommerce_thumbnail size-woocommerce_thumbnail\" alt=\"Secador de cabello Serie Airtop - 1.800 W - secador 01070\" \/>\t\t\t\t<\/a>\n\t\t\t<\/div>\n\t\t\t<div class=\"image-tools is-small top right show-on-hover\">\n\t\t\t\t\t\t\t<\/div>\n\t\t\t<div class=\"image-tools is-small hide-for-small bottom left show-on-hover\">\n\t\t\t\t\t\t\t<\/div>\n\t\t\t<div class=\"image-tools grid-tools text-center hide-for-small bottom hover-slide-in show-on-hover\">\n\t\t\t\t\t\t\t<\/div>\n\t\t\t\t\t<\/div>\n\n\t\t<div class=\"box-text box-text-products\">\n\t\t\t<div class=\"title-wrapper\">\t\t<p class=\"category uppercase is-smaller no-text-overflow product-cat op-8\">\n\t\t\tASCIUGACAPELLI\t\t<\/p>\n\t<p class=\"name product-title woocommerce-loop-product__title\"><a href=\"https:\/\/simex.es\/it\/asciugacapelli-airtop-1-800-w\/\" class=\"woocommerce-LoopProduct-link woocommerce-loop-product__link\">Asciugacapelli Linea Airtop &#8211; 1.800 W<\/a><\/p><\/div><div class=\"price-wrapper\">\n\t<span class=\"price\"><span class=\"woocommerce-Price-amount amount\"><bdi>0,00<span class=\"woocommerce-Price-currencySymbol\">&euro;<\/span><\/bdi><\/span><\/span>\n<\/div>\t\t<\/div>\n\t<\/div>\n\t\t<\/div>\n<\/div><\/div>\n<p>Dall&#8217;altro, c&#8217;\u00e8 l&#8217;<span style=\"color: #ff6600;\"><a style=\"color: #ff6600;\" href=\"https:\/\/simex.es\/secador-de-cabello-hotel-line-2-000-w\/\">asciugacapelli da 2.000 W<\/a> <\/span>ed \u00e8 di colore nero.<\/p>\n\t\n  \n    <div class=\"row large-columns-4 medium-columns-3 small-columns-2 row-small has-shadow row-box-shadow-1 row-box-shadow-3-hover slider row-slider slider-nav-reveal slider-nav-push\"  data-flickity-options='{&quot;imagesLoaded&quot;: true, &quot;groupCells&quot;: &quot;100%&quot;, &quot;dragThreshold&quot; : 5, &quot;cellAlign&quot;: &quot;left&quot;,&quot;wrapAround&quot;: true,&quot;prevNextButtons&quot;: true,&quot;percentPosition&quot;: true,&quot;pageDots&quot;: false, &quot;rightToLeft&quot;: false, &quot;autoPlay&quot; : false}' >\n\n  \n\t     <div class=\"product-small col has-hover product type-product post-78101 status-publish instock product_cat-asciugacapelli product_cat-con-supporto-da-parete product_cat-linea-airtop-it has-post-thumbnail shipping-taxable purchasable product-type-simple\">\n\t<div class=\"col-inner\">\n\t\n<div class=\"badge-container absolute left top z-1\">\n\n<\/div>\n\t<div class=\"product-small box \">\n\t\t<div class=\"box-image\">\n\t\t\t<div class=\"image-fade_in_back\">\n\t\t\t\t<a href=\"https:\/\/simex.es\/it\/nuovo-asciugacapelli-hotel-line-2-000-w\/\">\n\t\t\t\t\t<img loading=\"lazy\" decoding=\"async\" width=\"247\" height=\"296\" src=\"https:\/\/simex.es\/wp-content\/uploads\/2019\/03\/01033_web-247x296.jpg\" class=\"attachment-woocommerce_thumbnail size-woocommerce_thumbnail\" alt=\"Asciugacapelli Linea Airtop - 2.000 W\" \/>\t\t\t\t<\/a>\n\t\t\t<\/div>\n\t\t\t<div class=\"image-tools is-small top right show-on-hover\">\n\t\t\t\t\t\t\t<\/div>\n\t\t\t<div class=\"image-tools is-small hide-for-small bottom left show-on-hover\">\n\t\t\t\t\t\t\t<\/div>\n\t\t\t<div class=\"image-tools grid-tools text-center hide-for-small bottom hover-slide-in show-on-hover\">\n\t\t\t\t\t\t\t<\/div>\n\t\t\t\t\t<\/div>\n\n\t\t<div class=\"box-text box-text-products\">\n\t\t\t<div class=\"title-wrapper\">\t\t<p class=\"category uppercase is-smaller no-text-overflow product-cat op-8\">\n\t\t\tASCIUGACAPELLI\t\t<\/p>\n\t<p class=\"name product-title woocommerce-loop-product__title\"><a href=\"https:\/\/simex.es\/it\/nuovo-asciugacapelli-hotel-line-2-000-w\/\" class=\"woocommerce-LoopProduct-link woocommerce-loop-product__link\">Asciugacapelli Linea Airtop &#8211; 2.000 W<\/a><\/p><\/div><div class=\"price-wrapper\">\n\t<span class=\"price\"><span class=\"woocommerce-Price-amount amount\"><bdi>0,00<span class=\"woocommerce-Price-currencySymbol\">&euro;<\/span><\/bdi><\/span><\/span>\n<\/div>\t\t<\/div>\n\t<\/div>\n\t\t<\/div>\n<\/div><\/div>\n<p><span style=\"color: #ff6600;\"><a style=\"color: #ff6600;\" href=\"https:\/\/simex.es\/secadores-de-cabello\/con-soporte-a-pared\/serie-basic\/\"><strong>Serie Basic<\/strong><\/a>:<\/span> In questa gamma abbiamo un totale di sette asciugacapelli.<\/p>\n<p>Il primo asciugacapelli, da<span style=\"color: #ff6600;\"> <a style=\"color: #ff6600;\" href=\"https:\/\/simex.es\/secador-de-cabello-hotel-line-900-w\/\">900 W<\/a>,<\/span> \u00e8 di tipo telefono con spegnimento automatico quando \u00e8 appeso, tre velocit\u00e0, presa per il rasoio, scocca in ABS e finitura bianca.<\/p>\n\t\n  \n    <div class=\"row large-columns-4 medium-columns-3 small-columns-2 row-small has-shadow row-box-shadow-1 row-box-shadow-3-hover slider row-slider slider-nav-reveal slider-nav-push\"  data-flickity-options='{&quot;imagesLoaded&quot;: true, &quot;groupCells&quot;: &quot;100%&quot;, &quot;dragThreshold&quot; : 5, &quot;cellAlign&quot;: &quot;left&quot;,&quot;wrapAround&quot;: true,&quot;prevNextButtons&quot;: true,&quot;percentPosition&quot;: true,&quot;pageDots&quot;: false, &quot;rightToLeft&quot;: false, &quot;autoPlay&quot; : false}' >\n\n  \n\t     <div class=\"product-small col has-hover product type-product post-78141 status-publish last instock product_cat-asciugacapelli product_cat-con-supporto-da-parete product_cat-linea-basic has-post-thumbnail shipping-taxable purchasable product-type-variable\">\n\t<div class=\"col-inner\">\n\t\n<div class=\"badge-container absolute left top z-1\">\n\n<\/div>\n\t<div class=\"product-small box \">\n\t\t<div class=\"box-image\">\n\t\t\t<div class=\"image-fade_in_back\">\n\t\t\t\t<a href=\"https:\/\/simex.es\/it\/asciugacapelli-hotel-line-1-200-w\/\">\n\t\t\t\t\t<img loading=\"lazy\" decoding=\"async\" width=\"247\" height=\"296\" src=\"https:\/\/simex.es\/wp-content\/uploads\/2019\/04\/01064-247x296.webp\" class=\"attachment-woocommerce_thumbnail size-woocommerce_thumbnail\" alt=\"Asciugacapelli Linea Basic - 1.200 W\" \/><img loading=\"lazy\" decoding=\"async\" width=\"247\" height=\"296\" src=\"https:\/\/simex.es\/wp-content\/uploads\/2019\/04\/secador_cabello_basic_1200W_con_soporte_pared_abs_simex_plateado_negro-247x296.jpg\" class=\"show-on-hover absolute fill hide-for-small back-image\" alt=\"Alternative view of Asciugacapelli Linea Basic - 1.200 W\" aria-hidden=\"true\" \/>\t\t\t\t<\/a>\n\t\t\t<\/div>\n\t\t\t<div class=\"image-tools is-small top right show-on-hover\">\n\t\t\t\t\t\t\t<\/div>\n\t\t\t<div class=\"image-tools is-small hide-for-small bottom left show-on-hover\">\n\t\t\t\t\t\t\t<\/div>\n\t\t\t<div class=\"image-tools grid-tools text-center hide-for-small bottom hover-slide-in show-on-hover\">\n\t\t\t\t\t\t\t<\/div>\n\t\t\t\t\t<\/div>\n\n\t\t<div class=\"box-text box-text-products\">\n\t\t\t<div class=\"title-wrapper\">\t\t<p class=\"category uppercase is-smaller no-text-overflow product-cat op-8\">\n\t\t\tASCIUGACAPELLI\t\t<\/p>\n\t<p class=\"name product-title woocommerce-loop-product__title\"><a href=\"https:\/\/simex.es\/it\/asciugacapelli-hotel-line-1-200-w\/\" class=\"woocommerce-LoopProduct-link woocommerce-loop-product__link\">Asciugacapelli Linea Basic &#8211; 1.200 W<\/a><\/p><\/div><div class=\"price-wrapper\">\n\t<span class=\"price\"><span class=\"woocommerce-Price-amount amount\"><bdi>0,00<span class=\"woocommerce-Price-currencySymbol\">&euro;<\/span><\/bdi><\/span><\/span>\n<\/div>\t\t<\/div>\n\t<\/div>\n\t\t<\/div>\n<\/div><\/div>\n<p>Il secondo, da<span style=\"color: #ff6600;\"> <a style=\"color: #ff6600;\" href=\"https:\/\/simex.es\/secador-de-cabello-hotel-line-1-200-w\/\">1.200 W<\/a>,<\/span> \u00e8 murale tipo pistola automatica con interruttore ON\/OFF. Ha due velocit\u00e0 e due temperature di uscita dell&#8217;aria, fredda e calda; pulsante ON\/OFF di sicurezza, scocca in ABS ed \u00e8 disponibile nelle finiture argento e nero o bianco.<\/p>\n\t\n  \n    <div class=\"row large-columns-4 medium-columns-3 small-columns-2 row-small has-shadow row-box-shadow-1 row-box-shadow-3-hover slider row-slider slider-nav-reveal slider-nav-push\"  data-flickity-options='{&quot;imagesLoaded&quot;: true, &quot;groupCells&quot;: &quot;100%&quot;, &quot;dragThreshold&quot; : 5, &quot;cellAlign&quot;: &quot;left&quot;,&quot;wrapAround&quot;: true,&quot;prevNextButtons&quot;: true,&quot;percentPosition&quot;: true,&quot;pageDots&quot;: false, &quot;rightToLeft&quot;: false, &quot;autoPlay&quot; : false}' >\n\n  \n\t     <div class=\"product-small col has-hover product type-product post-72627 status-publish first instock product_cat-asciugacapelli product_cat-con-supporto-da-parete product_cat-linea-basic has-post-thumbnail product-type-simple\">\n\t<div class=\"col-inner\">\n\t\n<div class=\"badge-container absolute left top z-1\">\n\n<\/div>\n\t<div class=\"product-small box \">\n\t\t<div class=\"box-image\">\n\t\t\t<div class=\"image-fade_in_back\">\n\t\t\t\t<a href=\"https:\/\/simex.es\/it\/asciugacapelli-hotel-line-900-w\/\">\n\t\t\t\t\t<img loading=\"lazy\" decoding=\"async\" width=\"247\" height=\"296\" src=\"https:\/\/simex.es\/wp-content\/uploads\/2019\/04\/01017-247x296.webp\" class=\"attachment-woocommerce_thumbnail size-woocommerce_thumbnail\" alt=\"Asciugacapelli Linea Basic - 900 W\" \/>\t\t\t\t<\/a>\n\t\t\t<\/div>\n\t\t\t<div class=\"image-tools is-small top right show-on-hover\">\n\t\t\t\t\t\t\t<\/div>\n\t\t\t<div class=\"image-tools is-small hide-for-small bottom left show-on-hover\">\n\t\t\t\t\t\t\t<\/div>\n\t\t\t<div class=\"image-tools grid-tools text-center hide-for-small bottom hover-slide-in show-on-hover\">\n\t\t\t\t\t\t\t<\/div>\n\t\t\t\t\t<\/div>\n\n\t\t<div class=\"box-text box-text-products\">\n\t\t\t<div class=\"title-wrapper\">\t\t<p class=\"category uppercase is-smaller no-text-overflow product-cat op-8\">\n\t\t\tASCIUGACAPELLI\t\t<\/p>\n\t<p class=\"name product-title woocommerce-loop-product__title\"><a href=\"https:\/\/simex.es\/it\/asciugacapelli-hotel-line-900-w\/\" class=\"woocommerce-LoopProduct-link woocommerce-loop-product__link\">Asciugacapelli Linea Basic &#8211; 900 W<\/a><\/p><\/div><div class=\"price-wrapper\">\n<\/div>\t\t<\/div>\n\t<\/div>\n\t\t<\/div>\n<\/div><\/div>\n<p>Il terzo,<span style=\"color: #ff6600;\"> <a style=\"color: #ff6600;\" href=\"https:\/\/simex.es\/secador-de-cabello-hotel-line-1-200-w-blanco-2\/\">da 1.200 W con presa per il rasoio<\/a>,<\/span> \u00e8 murale tipo pistola automatica. Ha due velocit\u00e0 e due temperature di uscita dell&#8217;aria, fredda e calda; pulsante ON\/OFF di sicurezza, presa per il rasoio, interruttore ON\/OFF, scocca in ABS e finitura bianca.<\/p>\n\t\n  \n    <div class=\"row large-columns-4 medium-columns-3 small-columns-2 row-small has-shadow row-box-shadow-1 row-box-shadow-3-hover slider row-slider slider-nav-reveal slider-nav-push\"  data-flickity-options='{&quot;imagesLoaded&quot;: true, &quot;groupCells&quot;: &quot;100%&quot;, &quot;dragThreshold&quot; : 5, &quot;cellAlign&quot;: &quot;left&quot;,&quot;wrapAround&quot;: true,&quot;prevNextButtons&quot;: true,&quot;percentPosition&quot;: true,&quot;pageDots&quot;: false, &quot;rightToLeft&quot;: false, &quot;autoPlay&quot; : false}' >\n\n  \n\t     <div class=\"product-small col has-hover product type-product post-72640 status-publish instock product_cat-asciugacapelli product_cat-con-supporto-da-parete product_cat-linea-basic has-post-thumbnail product-type-simple\">\n\t<div class=\"col-inner\">\n\t\n<div class=\"badge-container absolute left top z-1\">\n\n<\/div>\n\t<div class=\"product-small box \">\n\t\t<div class=\"box-image\">\n\t\t\t<div class=\"image-fade_in_back\">\n\t\t\t\t<a href=\"https:\/\/simex.es\/it\/asciugacapelli-hotel-line-1-200-w-bianco\/\">\n\t\t\t\t\t<img loading=\"lazy\" decoding=\"async\" width=\"247\" height=\"296\" src=\"https:\/\/simex.es\/wp-content\/uploads\/2019\/04\/01010-247x296.webp\" class=\"attachment-woocommerce_thumbnail size-woocommerce_thumbnail\" alt=\"Asciugacapelli Linea Basic - 1.200 W - Spina per rasoio\" \/>\t\t\t\t<\/a>\n\t\t\t<\/div>\n\t\t\t<div class=\"image-tools is-small top right show-on-hover\">\n\t\t\t\t\t\t\t<\/div>\n\t\t\t<div class=\"image-tools is-small hide-for-small bottom left show-on-hover\">\n\t\t\t\t\t\t\t<\/div>\n\t\t\t<div class=\"image-tools grid-tools text-center hide-for-small bottom hover-slide-in show-on-hover\">\n\t\t\t\t\t\t\t<\/div>\n\t\t\t\t\t<\/div>\n\n\t\t<div class=\"box-text box-text-products\">\n\t\t\t<div class=\"title-wrapper\">\t\t<p class=\"category uppercase is-smaller no-text-overflow product-cat op-8\">\n\t\t\tASCIUGACAPELLI\t\t<\/p>\n\t<p class=\"name product-title woocommerce-loop-product__title\"><a href=\"https:\/\/simex.es\/it\/asciugacapelli-hotel-line-1-200-w-bianco\/\" class=\"woocommerce-LoopProduct-link woocommerce-loop-product__link\">Asciugacapelli Linea Basic &#8211; 1.200 W &#8211; Spina per rasoio<\/a><\/p><\/div><div class=\"price-wrapper\">\n<\/div>\t\t<\/div>\n\t<\/div>\n\t\t<\/div>\n<\/div><\/div>\n<p>Il quarto asciugacapelli murale della serie Basic \u00e8 quello da <span style=\"color: #ff6600;\"><a style=\"color: #ff6600;\" href=\"https:\/\/simex.es\/secador-de-cabello-hotel-line-1-400-w\/\">1.<\/a><\/span><\/p>\n<p>400 W. \u00c8 murale tipo pistola automatica, con due velocit\u00e0 e due temperature di uscita dell&#8217;aria, fredda e calda; pulsante ON\/OFF di sicurezza e scocca in ABS. \u00c8 disponibile nelle finiture bianco o nero.<\/p>\n\t\n  \n    <div class=\"row large-columns-4 medium-columns-3 small-columns-2 row-small has-shadow row-box-shadow-1 row-box-shadow-3-hover slider row-slider slider-nav-reveal slider-nav-push\"  data-flickity-options='{&quot;imagesLoaded&quot;: true, &quot;groupCells&quot;: &quot;100%&quot;, &quot;dragThreshold&quot; : 5, &quot;cellAlign&quot;: &quot;left&quot;,&quot;wrapAround&quot;: true,&quot;prevNextButtons&quot;: true,&quot;percentPosition&quot;: true,&quot;pageDots&quot;: false, &quot;rightToLeft&quot;: false, &quot;autoPlay&quot; : false}' >\n\n  \n\t     <div class=\"product-small col has-hover product type-product post-11014 status-publish last instock product_cat-asciugacapelli product_cat-con-supporto-da-parete product_cat-linea-basic product_tag-blanco-it product_tag-negro-it product_tag-pistola-telefono-it product_tag-secador-it has-post-thumbnail shipping-taxable purchasable product-type-variable\">\n\t<div class=\"col-inner\">\n\t\n<div class=\"badge-container absolute left top z-1\">\n\n<\/div>\n\t<div class=\"product-small box \">\n\t\t<div class=\"box-image\">\n\t\t\t<div class=\"image-fade_in_back\">\n\t\t\t\t<a href=\"https:\/\/simex.es\/it\/asciugacapelli-hotel-line-1-400-w\/\">\n\t\t\t\t\t<img loading=\"lazy\" decoding=\"async\" width=\"247\" height=\"296\" src=\"https:\/\/simex.es\/wp-content\/uploads\/2019\/04\/01034-247x296.webp\" class=\"attachment-woocommerce_thumbnail size-woocommerce_thumbnail\" alt=\"Asciugacapelli Linea Basic - 1.400 W\" \/><img loading=\"lazy\" decoding=\"async\" width=\"247\" height=\"296\" src=\"https:\/\/simex.es\/wp-content\/uploads\/2019\/04\/secador_cabello_basic_1400W_con_soporte_pared_abs_simex_negro-247x296.jpg\" class=\"show-on-hover absolute fill hide-for-small back-image\" alt=\"Alternative view of Asciugacapelli Linea Basic - 1.400 W\" aria-hidden=\"true\" \/>\t\t\t\t<\/a>\n\t\t\t<\/div>\n\t\t\t<div class=\"image-tools is-small top right show-on-hover\">\n\t\t\t\t\t\t\t<\/div>\n\t\t\t<div class=\"image-tools is-small hide-for-small bottom left show-on-hover\">\n\t\t\t\t\t\t\t<\/div>\n\t\t\t<div class=\"image-tools grid-tools text-center hide-for-small bottom hover-slide-in show-on-hover\">\n\t\t\t\t\t\t\t<\/div>\n\t\t\t\t\t<\/div>\n\n\t\t<div class=\"box-text box-text-products\">\n\t\t\t<div class=\"title-wrapper\">\t\t<p class=\"category uppercase is-smaller no-text-overflow product-cat op-8\">\n\t\t\tASCIUGACAPELLI\t\t<\/p>\n\t<p class=\"name product-title woocommerce-loop-product__title\"><a href=\"https:\/\/simex.es\/it\/asciugacapelli-hotel-line-1-400-w\/\" class=\"woocommerce-LoopProduct-link woocommerce-loop-product__link\">Asciugacapelli Linea Basic &#8211; 1.400 W<\/a><\/p><\/div><div class=\"price-wrapper\">\n\t<span class=\"price\"><span class=\"woocommerce-Price-amount amount\"><bdi>0,00<span class=\"woocommerce-Price-currencySymbol\">&euro;<\/span><\/bdi><\/span><\/span>\n<\/div>\t\t<\/div>\n\t<\/div>\n\t\t<\/div>\n<\/div><\/div>\n<p>Il quinto asciugacapelli ha una potenza di <span style=\"color: #ff6600;\"><a style=\"color: #ff6600;\" href=\"https:\/\/simex.es\/secador-de-cabello-hotel-line-1600-w\/\">1.600 W<\/a>.<\/span> \u00c8 murale tipo pistola automatica, con due velocit\u00e0 e due temperature di uscita dell&#8217;aria, fredda e calda; pulsante ON\/OFF di sicurezza, scocca in ABS e finitura bianca con inserti cromati.<\/p>\n\t\n  \n    <div class=\"row large-columns-4 medium-columns-3 small-columns-2 row-small has-shadow row-box-shadow-1 row-box-shadow-3-hover slider row-slider slider-nav-reveal slider-nav-push\"  data-flickity-options='{&quot;imagesLoaded&quot;: true, &quot;groupCells&quot;: &quot;100%&quot;, &quot;dragThreshold&quot; : 5, &quot;cellAlign&quot;: &quot;left&quot;,&quot;wrapAround&quot;: true,&quot;prevNextButtons&quot;: true,&quot;percentPosition&quot;: true,&quot;pageDots&quot;: false, &quot;rightToLeft&quot;: false, &quot;autoPlay&quot; : false}' >\n\n  \n\t     <div class=\"product-small col has-hover product type-product post-72621 status-publish first instock product_cat-asciugacapelli product_cat-con-supporto-da-parete product_cat-linea-basic has-post-thumbnail product-type-simple\">\n\t<div class=\"col-inner\">\n\t\n<div class=\"badge-container absolute left top z-1\">\n\n<\/div>\n\t<div class=\"product-small box \">\n\t\t<div class=\"box-image\">\n\t\t\t<div class=\"image-fade_in_back\">\n\t\t\t\t<a href=\"https:\/\/simex.es\/it\/asciugacapelli-hotel-line-1-600-w\/\">\n\t\t\t\t\t<img loading=\"lazy\" decoding=\"async\" width=\"247\" height=\"296\" src=\"https:\/\/simex.es\/wp-content\/uploads\/2019\/04\/01035-247x296.png\" class=\"attachment-woocommerce_thumbnail size-woocommerce_thumbnail\" alt=\"Asciugacapelli Linea Basic - 1.600 W\" \/>\t\t\t\t<\/a>\n\t\t\t<\/div>\n\t\t\t<div class=\"image-tools is-small top right show-on-hover\">\n\t\t\t\t\t\t\t<\/div>\n\t\t\t<div class=\"image-tools is-small hide-for-small bottom left show-on-hover\">\n\t\t\t\t\t\t\t<\/div>\n\t\t\t<div class=\"image-tools grid-tools text-center hide-for-small bottom hover-slide-in show-on-hover\">\n\t\t\t\t\t\t\t<\/div>\n\t\t\t\t\t<\/div>\n\n\t\t<div class=\"box-text box-text-products\">\n\t\t\t<div class=\"title-wrapper\">\t\t<p class=\"category uppercase is-smaller no-text-overflow product-cat op-8\">\n\t\t\tASCIUGACAPELLI\t\t<\/p>\n\t<p class=\"name product-title woocommerce-loop-product__title\"><a href=\"https:\/\/simex.es\/it\/asciugacapelli-hotel-line-1-600-w\/\" class=\"woocommerce-LoopProduct-link woocommerce-loop-product__link\">Asciugacapelli Linea Basic &#8211; 1.600 W<\/a><\/p><\/div><div class=\"price-wrapper\">\n<\/div>\t\t<\/div>\n\t<\/div>\n\t\t<\/div>\n<\/div><\/div>\n<p>Il sesto, da <span style=\"color: #ff6600;\"><a style=\"color: #ff6600;\" href=\"https:\/\/simex.es\/secador-de-cabello-hotel-line\/\">1.600 W con presa per il rasoio<\/a><\/span>, con supporto murale tipo pistola automatica, ha due velocit\u00e0 e due temperature di uscita dell&#8217;aria, fredda e calda; pulsante ON\/OFF di sicurezza, presa per il rasoio, interruttore ON\/OFF, scocca in ABS e finitura bianca con inserti cromati.<\/p>\n\t\n  \n    <div class=\"row large-columns-4 medium-columns-3 small-columns-2 row-small has-shadow row-box-shadow-1 row-box-shadow-3-hover slider row-slider slider-nav-reveal slider-nav-push\"  data-flickity-options='{&quot;imagesLoaded&quot;: true, &quot;groupCells&quot;: &quot;100%&quot;, &quot;dragThreshold&quot; : 5, &quot;cellAlign&quot;: &quot;left&quot;,&quot;wrapAround&quot;: true,&quot;prevNextButtons&quot;: true,&quot;percentPosition&quot;: true,&quot;pageDots&quot;: false, &quot;rightToLeft&quot;: false, &quot;autoPlay&quot; : false}' >\n\n  \n\t     <div class=\"product-small col has-hover product type-product post-78098 status-publish instock product_cat-asciugacapelli product_cat-con-supporto-da-parete product_cat-linea-basic has-post-thumbnail shipping-taxable purchasable product-type-simple\">\n\t<div class=\"col-inner\">\n\t\n<div class=\"badge-container absolute left top z-1\">\n\n<\/div>\n\t<div class=\"product-small box \">\n\t\t<div class=\"box-image\">\n\t\t\t<div class=\"image-fade_in_back\">\n\t\t\t\t<a href=\"https:\/\/simex.es\/it\/asciugacapelli-hotel-line-1-600-w-2\/\">\n\t\t\t\t\t<img loading=\"lazy\" decoding=\"async\" width=\"247\" height=\"296\" src=\"https:\/\/simex.es\/wp-content\/uploads\/2019\/04\/01026-247x296.webp\" class=\"attachment-woocommerce_thumbnail size-woocommerce_thumbnail\" alt=\"Asciugacapelli Linea Basic - 1.600 W - Spina per rasoio\" \/>\t\t\t\t<\/a>\n\t\t\t<\/div>\n\t\t\t<div class=\"image-tools is-small top right show-on-hover\">\n\t\t\t\t\t\t\t<\/div>\n\t\t\t<div class=\"image-tools is-small hide-for-small bottom left show-on-hover\">\n\t\t\t\t\t\t\t<\/div>\n\t\t\t<div class=\"image-tools grid-tools text-center hide-for-small bottom hover-slide-in show-on-hover\">\n\t\t\t\t\t\t\t<\/div>\n\t\t\t\t\t<\/div>\n\n\t\t<div class=\"box-text box-text-products\">\n\t\t\t<div class=\"title-wrapper\">\t\t<p class=\"category uppercase is-smaller no-text-overflow product-cat op-8\">\n\t\t\tASCIUGACAPELLI\t\t<\/p>\n\t<p class=\"name product-title woocommerce-loop-product__title\"><a href=\"https:\/\/simex.es\/it\/asciugacapelli-hotel-line-1-600-w-2\/\" class=\"woocommerce-LoopProduct-link woocommerce-loop-product__link\">Asciugacapelli Linea Basic &#8211; 1.600 W &#8211; Spina per rasoio<\/a><\/p><\/div><div class=\"price-wrapper\">\n\t<span class=\"price\"><span class=\"woocommerce-Price-amount amount\"><bdi>0,00<span class=\"woocommerce-Price-currencySymbol\">&euro;<\/span><\/bdi><\/span><\/span>\n<\/div>\t\t<\/div>\n\t<\/div>\n\t\t<\/div>\n<\/div><\/div>\n<p>Il settimo e ultimo asciugacapelli murale della Serie Basic \u00e8 quello da <span style=\"color: #ff6600;\"> <a style=\"color: #ff6600;\" href=\"https:\/\/simex.es\/secador-de-cabello-hotel-line-1800-w\/\">1.800 W<\/a>.<\/span> \u00c8 murale tipo pistola automatica, con due velocit\u00e0 e due temperature di uscita dell&#8217;aria, fredda e calda; pulsante ON\/OFF di sicurezza, scocca in ABS e finitura bianca con inserti cromati.<\/p>\n\t\n  \n    <div class=\"row large-columns-4 medium-columns-3 small-columns-2 row-small has-shadow row-box-shadow-1 row-box-shadow-3-hover slider row-slider slider-nav-reveal slider-nav-push\"  data-flickity-options='{&quot;imagesLoaded&quot;: true, &quot;groupCells&quot;: &quot;100%&quot;, &quot;dragThreshold&quot; : 5, &quot;cellAlign&quot;: &quot;left&quot;,&quot;wrapAround&quot;: true,&quot;prevNextButtons&quot;: true,&quot;percentPosition&quot;: true,&quot;pageDots&quot;: false, &quot;rightToLeft&quot;: false, &quot;autoPlay&quot; : false}' >\n\n  \n\t     <div class=\"product-small col has-hover product type-product post-42285 status-publish last instock product_cat-asciugacapelli product_cat-con-supporto-da-parete product_cat-linea-basic has-post-thumbnail product-type-simple\">\n\t<div class=\"col-inner\">\n\t\n<div class=\"badge-container absolute left top z-1\">\n\n<\/div>\n\t<div class=\"product-small box \">\n\t\t<div class=\"box-image\">\n\t\t\t<div class=\"image-fade_in_back\">\n\t\t\t\t<a href=\"https:\/\/simex.es\/it\/asciugacapelli-hotel-line-1-800-w\/\">\n\t\t\t\t\t<img loading=\"lazy\" decoding=\"async\" width=\"247\" height=\"296\" src=\"https:\/\/simex.es\/wp-content\/uploads\/2019\/04\/secador_cabello_basic_1800W_con_soporte_pared_abs_simex_blanco-247x296.jpg\" class=\"attachment-woocommerce_thumbnail size-woocommerce_thumbnail\" alt=\"Asciugacapelli Linea Basic - 1.800 W\" \/>\t\t\t\t<\/a>\n\t\t\t<\/div>\n\t\t\t<div class=\"image-tools is-small top right show-on-hover\">\n\t\t\t\t\t\t\t<\/div>\n\t\t\t<div class=\"image-tools is-small hide-for-small bottom left show-on-hover\">\n\t\t\t\t\t\t\t<\/div>\n\t\t\t<div class=\"image-tools grid-tools text-center hide-for-small bottom hover-slide-in show-on-hover\">\n\t\t\t\t\t\t\t<\/div>\n\t\t\t\t\t<\/div>\n\n\t\t<div class=\"box-text box-text-products\">\n\t\t\t<div class=\"title-wrapper\">\t\t<p class=\"category uppercase is-smaller no-text-overflow product-cat op-8\">\n\t\t\tASCIUGACAPELLI\t\t<\/p>\n\t<p class=\"name product-title woocommerce-loop-product__title\"><a href=\"https:\/\/simex.es\/it\/asciugacapelli-hotel-line-1-800-w\/\" class=\"woocommerce-LoopProduct-link woocommerce-loop-product__link\">Asciugacapelli Linea Basic &#8211; 1.800 W<\/a><\/p><\/div><div class=\"price-wrapper\">\n<\/div>\t\t<\/div>\n\t<\/div>\n\t\t<\/div>\n<\/div><\/div>\n<p><span style=\"color: #ff6600;\"><a style=\"color: #ff6600;\" href=\"https:\/\/simex.es\/secadores-de-cabello\/con-soporte-a-pared\/serie-linex-2\/\"><strong>Serie Linex<\/strong><\/a>:<\/span> Abbiamo tre asciugacapelli.<\/p>\n<p>In primo luogo, quello da<span style=\"color: #ff6600;\"> <a style=\"color: #ff6600;\" href=\"https:\/\/simex.es\/secador-de-cabello-linex-1-800-w\/\">1.800 W con presa per il rasoio<\/a>,<\/span> \u00e8 murale tipo pistola automatica con interruttore ON\/OFF; due velocit\u00e0 e due temperature di uscita dell&#8217;aria, fredda e calda; pulsante ON\/OFF di sicurezza e presa per il rasoio. Ha una scocca in ABS ed \u00e8 disponibile nelle finiture argento o bianco.<\/p>\n\t\n  \n    <div class=\"row large-columns-4 medium-columns-3 small-columns-2 row-small has-shadow row-box-shadow-1 row-box-shadow-3-hover slider row-slider slider-nav-reveal slider-nav-push\"  data-flickity-options='{&quot;imagesLoaded&quot;: true, &quot;groupCells&quot;: &quot;100%&quot;, &quot;dragThreshold&quot; : 5, &quot;cellAlign&quot;: &quot;left&quot;,&quot;wrapAround&quot;: true,&quot;prevNextButtons&quot;: true,&quot;percentPosition&quot;: true,&quot;pageDots&quot;: false, &quot;rightToLeft&quot;: false, &quot;autoPlay&quot; : false}' >\n\n  \n\t     <div class=\"product-small col has-hover product type-product post-90442 status-publish first instock product_cat-asciugacapelli product_cat-con-supporto-da-parete product_cat-linea-linex-it has-post-thumbnail shipping-taxable purchasable product-type-variable\">\n\t<div class=\"col-inner\">\n\t\n<div class=\"badge-container absolute left top z-1\">\n\n<\/div>\n\t<div class=\"product-small box \">\n\t\t<div class=\"box-image\">\n\t\t\t<div class=\"image-fade_in_back\">\n\t\t\t\t<a href=\"https:\/\/simex.es\/it\/asciugacapelli-linex-1-800-w\/\">\n\t\t\t\t\t<img loading=\"lazy\" decoding=\"async\" width=\"247\" height=\"296\" src=\"https:\/\/simex.es\/wp-content\/uploads\/2020\/10\/01073-247x296.webp\" class=\"attachment-woocommerce_thumbnail size-woocommerce_thumbnail\" alt=\"Asciugacapelli Linea Linex - 1.800 W - Spina per rasoio\" \/><img loading=\"lazy\" decoding=\"async\" width=\"247\" height=\"296\" src=\"https:\/\/simex.es\/wp-content\/uploads\/2020\/10\/secador_cabello_linex_1800W_soporte_pared_afeitadora_abs_simex_blanco-1-247x296.jpg\" class=\"show-on-hover absolute fill hide-for-small back-image\" alt=\"Alternative view of Asciugacapelli Linea Linex - 1.800 W - Spina per rasoio\" aria-hidden=\"true\" \/>\t\t\t\t<\/a>\n\t\t\t<\/div>\n\t\t\t<div class=\"image-tools is-small top right show-on-hover\">\n\t\t\t\t\t\t\t<\/div>\n\t\t\t<div class=\"image-tools is-small hide-for-small bottom left show-on-hover\">\n\t\t\t\t\t\t\t<\/div>\n\t\t\t<div class=\"image-tools grid-tools text-center hide-for-small bottom hover-slide-in show-on-hover\">\n\t\t\t\t\t\t\t<\/div>\n\t\t\t\t\t<\/div>\n\n\t\t<div class=\"box-text box-text-products\">\n\t\t\t<div class=\"title-wrapper\">\t\t<p class=\"category uppercase is-smaller no-text-overflow product-cat op-8\">\n\t\t\tASCIUGACAPELLI\t\t<\/p>\n\t<p class=\"name product-title woocommerce-loop-product__title\"><a href=\"https:\/\/simex.es\/it\/asciugacapelli-linex-1-800-w\/\" class=\"woocommerce-LoopProduct-link woocommerce-loop-product__link\">Asciugacapelli Linea Linex &#8211; 1.800 W &#8211; Spina per rasoio<\/a><\/p><\/div><div class=\"price-wrapper\">\n\t<span class=\"price\"><span class=\"woocommerce-Price-amount amount\"><bdi>0,00<span class=\"woocommerce-Price-currencySymbol\">&euro;<\/span><\/bdi><\/span><\/span>\n<\/div>\t\t<\/div>\n\t<\/div>\n\t\t<\/div>\n<\/div><\/div>\n<p>Gli altri due asciugacapelli, con supporto murale tipo pistola automatica e interruttore ON\/OFF; hanno due velocit\u00e0 e due temperature di uscita dell&#8217;aria, fredda e calda; pulsante ON\/OFF di sicurezza, scocca in ABS e sono disponibili nelle finiture argento o bianco. Con queste caratteristiche in comune, da un lato, l&#8217;asciugacapelli da <span style=\"color: #ff6600;\"><a style=\"color: #ff6600;\" href=\"https:\/\/simex.es\/secador-de-cabello-linex-1-400-w\/\">1.400 W<\/a> <\/span>e, dall&#8217;altro l&#8217;asciugacapelli con potenza di<span style=\"color: #ff6600;\"> <a style=\"color: #ff6600;\" href=\"https:\/\/simex.es\/secador-de-cabello-linex-1-600-w\/\">1.600 W<\/a>.<\/span><\/p>\n\t\n  \n    <div class=\"row large-columns-4 medium-columns-3 small-columns-2 row-small has-shadow row-box-shadow-1 row-box-shadow-3-hover slider row-slider slider-nav-reveal slider-nav-push\"  data-flickity-options='{&quot;imagesLoaded&quot;: true, &quot;groupCells&quot;: &quot;100%&quot;, &quot;dragThreshold&quot; : 5, &quot;cellAlign&quot;: &quot;left&quot;,&quot;wrapAround&quot;: true,&quot;prevNextButtons&quot;: true,&quot;percentPosition&quot;: true,&quot;pageDots&quot;: false, &quot;rightToLeft&quot;: false, &quot;autoPlay&quot; : false}' >\n\n  \n\t     <div class=\"product-small col has-hover product type-product post-90347 status-publish instock product_cat-asciugacapelli product_cat-con-supporto-da-parete product_cat-linea-linex-it has-post-thumbnail shipping-taxable purchasable product-type-variable\">\n\t<div class=\"col-inner\">\n\t\n<div class=\"badge-container absolute left top z-1\">\n\n<\/div>\n\t<div class=\"product-small box \">\n\t\t<div class=\"box-image\">\n\t\t\t<div class=\"image-fade_in_back\">\n\t\t\t\t<a href=\"https:\/\/simex.es\/it\/asciugacapelli-linex-1-400-w\/\">\n\t\t\t\t\t<img loading=\"lazy\" decoding=\"async\" width=\"247\" height=\"296\" src=\"https:\/\/simex.es\/wp-content\/uploads\/2020\/10\/01071-247x296.webp\" class=\"attachment-woocommerce_thumbnail size-woocommerce_thumbnail\" alt=\"Asciugacapelli Linea Linex - 1.400 W\" \/><img loading=\"lazy\" decoding=\"async\" width=\"247\" height=\"296\" src=\"https:\/\/simex.es\/wp-content\/uploads\/2020\/10\/secador_cabello_linex_1400W_soporte_pared_abs_simex_blanco-247x296.jpg\" class=\"show-on-hover absolute fill hide-for-small back-image\" alt=\"Alternative view of Asciugacapelli Linea Linex - 1.400 W\" aria-hidden=\"true\" \/>\t\t\t\t<\/a>\n\t\t\t<\/div>\n\t\t\t<div class=\"image-tools is-small top right show-on-hover\">\n\t\t\t\t\t\t\t<\/div>\n\t\t\t<div class=\"image-tools is-small hide-for-small bottom left show-on-hover\">\n\t\t\t\t\t\t\t<\/div>\n\t\t\t<div class=\"image-tools grid-tools text-center hide-for-small bottom hover-slide-in show-on-hover\">\n\t\t\t\t\t\t\t<\/div>\n\t\t\t\t\t<\/div>\n\n\t\t<div class=\"box-text box-text-products\">\n\t\t\t<div class=\"title-wrapper\">\t\t<p class=\"category uppercase is-smaller no-text-overflow product-cat op-8\">\n\t\t\tASCIUGACAPELLI\t\t<\/p>\n\t<p class=\"name product-title woocommerce-loop-product__title\"><a href=\"https:\/\/simex.es\/it\/asciugacapelli-linex-1-400-w\/\" class=\"woocommerce-LoopProduct-link woocommerce-loop-product__link\">Asciugacapelli Linea Linex &#8211; 1.400 W<\/a><\/p><\/div><div class=\"price-wrapper\">\n\t<span class=\"price\"><span class=\"woocommerce-Price-amount amount\"><bdi>0,00<span class=\"woocommerce-Price-currencySymbol\">&euro;<\/span><\/bdi><\/span><\/span>\n<\/div>\t\t<\/div>\n\t<\/div>\n\t\t<\/div>\n<\/div><\/div> \t\n  \n    <div class=\"row large-columns-4 medium-columns-3 small-columns-2 row-small has-shadow row-box-shadow-1 row-box-shadow-3-hover slider row-slider slider-nav-reveal slider-nav-push\"  data-flickity-options='{&quot;imagesLoaded&quot;: true, &quot;groupCells&quot;: &quot;100%&quot;, &quot;dragThreshold&quot; : 5, &quot;cellAlign&quot;: &quot;left&quot;,&quot;wrapAround&quot;: true,&quot;prevNextButtons&quot;: true,&quot;percentPosition&quot;: true,&quot;pageDots&quot;: false, &quot;rightToLeft&quot;: false, &quot;autoPlay&quot; : false}' >\n\n  \n\t     <div class=\"product-small col has-hover product type-product post-90408 status-publish last instock product_cat-asciugacapelli product_cat-con-supporto-da-parete product_cat-linea-linex-it has-post-thumbnail shipping-taxable purchasable product-type-variable\">\n\t<div class=\"col-inner\">\n\t\n<div class=\"badge-container absolute left top z-1\">\n\n<\/div>\n\t<div class=\"product-small box \">\n\t\t<div class=\"box-image\">\n\t\t\t<div class=\"image-fade_in_back\">\n\t\t\t\t<a href=\"https:\/\/simex.es\/it\/asciugacapelli-linex-1-600-w\/\">\n\t\t\t\t\t<img loading=\"lazy\" decoding=\"async\" width=\"247\" height=\"296\" src=\"https:\/\/simex.es\/wp-content\/uploads\/2020\/10\/01072-247x296.webp\" class=\"attachment-woocommerce_thumbnail size-woocommerce_thumbnail\" alt=\"Asciugacapelli Linea Linex - 1.600 W\" \/><img loading=\"lazy\" decoding=\"async\" width=\"247\" height=\"296\" src=\"https:\/\/simex.es\/wp-content\/uploads\/2020\/10\/secador_cabello_linex_1600W_soporte_pared_abs_simex_blanco-247x296.jpg\" class=\"show-on-hover absolute fill hide-for-small back-image\" alt=\"Alternative view of Asciugacapelli Linea Linex - 1.600 W\" aria-hidden=\"true\" \/>\t\t\t\t<\/a>\n\t\t\t<\/div>\n\t\t\t<div class=\"image-tools is-small top right show-on-hover\">\n\t\t\t\t\t\t\t<\/div>\n\t\t\t<div class=\"image-tools is-small hide-for-small bottom left show-on-hover\">\n\t\t\t\t\t\t\t<\/div>\n\t\t\t<div class=\"image-tools grid-tools text-center hide-for-small bottom hover-slide-in show-on-hover\">\n\t\t\t\t\t\t\t<\/div>\n\t\t\t\t\t<\/div>\n\n\t\t<div class=\"box-text box-text-products\">\n\t\t\t<div class=\"title-wrapper\">\t\t<p class=\"category uppercase is-smaller no-text-overflow product-cat op-8\">\n\t\t\tASCIUGACAPELLI\t\t<\/p>\n\t<p class=\"name product-title woocommerce-loop-product__title\"><a href=\"https:\/\/simex.es\/it\/asciugacapelli-linex-1-600-w\/\" class=\"woocommerce-LoopProduct-link woocommerce-loop-product__link\">Asciugacapelli Linea Linex &#8211; 1.600 W<\/a><\/p><\/div><div class=\"price-wrapper\">\n\t<span class=\"price\"><span class=\"woocommerce-Price-amount amount\"><bdi>0,00<span class=\"woocommerce-Price-currencySymbol\">&euro;<\/span><\/bdi><\/span><\/span>\n<\/div>\t\t<\/div>\n\t<\/div>\n\t\t<\/div>\n<\/div><\/div>\n<h3><strong>Asciugacapelli senza supporto a parete <\/strong><\/h3>\n<p>Offriamo un asciugacapelli della Serie Airtop e due della Serie Linex senza supporto a parete.<\/p>\n<p><strong><span style=\"color: #ff6600;\"><a style=\"color: #ff6600;\" href=\"https:\/\/simex.es\/secador-de-cabello-hotel-line-2100-w\/\">Serie Airtop<\/a>:<\/span><\/strong> Con una potenza di 2.100 W, questo asciugacapelli ha due velocit\u00e0 e due temperature di uscita dell&#8217;aria, scocca in ABS e finitura nera.<\/p>\n\t\n  \n    <div class=\"row large-columns-4 medium-columns-3 small-columns-2 row-small has-shadow row-box-shadow-1 row-box-shadow-3-hover slider row-slider slider-nav-reveal slider-nav-push\"  data-flickity-options='{&quot;imagesLoaded&quot;: true, &quot;groupCells&quot;: &quot;100%&quot;, &quot;dragThreshold&quot; : 5, &quot;cellAlign&quot;: &quot;left&quot;,&quot;wrapAround&quot;: true,&quot;prevNextButtons&quot;: true,&quot;percentPosition&quot;: true,&quot;pageDots&quot;: false, &quot;rightToLeft&quot;: false, &quot;autoPlay&quot; : false}' >\n\n  \n\t     <div class=\"product-small col has-hover product type-product post-42313 status-publish first instock product_cat-asciugacapelli product_cat-linea-airtop product_cat-senza-supporto-da-parete has-post-thumbnail product-type-simple\">\n\t<div class=\"col-inner\">\n\t\n<div class=\"badge-container absolute left top z-1\">\n\n<\/div>\n\t<div class=\"product-small box \">\n\t\t<div class=\"box-image\">\n\t\t\t<div class=\"image-fade_in_back\">\n\t\t\t\t<a href=\"https:\/\/simex.es\/it\/asciugacapelli-hotel-line-2-100-w\/\">\n\t\t\t\t\t<img loading=\"lazy\" decoding=\"async\" width=\"247\" height=\"296\" src=\"https:\/\/simex.es\/wp-content\/uploads\/2018\/01\/01032_web-247x296.jpg\" class=\"attachment-woocommerce_thumbnail size-woocommerce_thumbnail\" alt=\"Asciugacapelli Linea Airtop - 2.100 W\" \/>\t\t\t\t<\/a>\n\t\t\t<\/div>\n\t\t\t<div class=\"image-tools is-small top right show-on-hover\">\n\t\t\t\t\t\t\t<\/div>\n\t\t\t<div class=\"image-tools is-small hide-for-small bottom left show-on-hover\">\n\t\t\t\t\t\t\t<\/div>\n\t\t\t<div class=\"image-tools grid-tools text-center hide-for-small bottom hover-slide-in show-on-hover\">\n\t\t\t\t\t\t\t<\/div>\n\t\t\t\t\t<\/div>\n\n\t\t<div class=\"box-text box-text-products\">\n\t\t\t<div class=\"title-wrapper\">\t\t<p class=\"category uppercase is-smaller no-text-overflow product-cat op-8\">\n\t\t\tASCIUGACAPELLI\t\t<\/p>\n\t<p class=\"name product-title woocommerce-loop-product__title\"><a href=\"https:\/\/simex.es\/it\/asciugacapelli-hotel-line-2-100-w\/\" class=\"woocommerce-LoopProduct-link woocommerce-loop-product__link\">Asciugacapelli Linea Airtop &#8211; 2.100 W<\/a><\/p><\/div><div class=\"price-wrapper\">\n<\/div>\t\t<\/div>\n\t<\/div>\n\t\t<\/div>\n<\/div><\/div>\n<p><strong><span style=\"color: #ff6600;\"><a style=\"color: #ff6600;\" href=\"https:\/\/simex.es\/secadores-de-cabello\/sin-soporte-a-pared\/serie-linex\/\">Serie Linex<\/a>:<\/span> <\/strong>I due asciugacapelli di questa serie hanno due velocit\u00e0 e due temperature di uscita dell&#8217;aria, fredda e calda; pulsante ON\/OFF di sicurezza, scocca in ABS e sono disponibili nelle finiture argento o bianco. Con queste caratteristiche in comune, da un lato, l&#8217;asciugacapelli da <span style=\"color: #ff6600;\"><a style=\"color: #ff6600;\" href=\"https:\/\/simex.es\/secador-de-cabello-linex-1-400-w-2\/\">1.400 W<\/a> <\/span>e, dall&#8217;altro l&#8217;asciugacapelli con potenza di<span style=\"color: #ff6600;\"> <a style=\"color: #ff6600;\" href=\"https:\/\/simex.es\/secador-de-cabello-linex-1-800-w-2\/\">1.800 W<\/a>.<\/span><\/p>\n\t\n  \n    <div class=\"row large-columns-4 medium-columns-3 small-columns-2 row-small has-shadow row-box-shadow-1 row-box-shadow-3-hover slider row-slider slider-nav-reveal slider-nav-push\"  data-flickity-options='{&quot;imagesLoaded&quot;: true, &quot;groupCells&quot;: &quot;100%&quot;, &quot;dragThreshold&quot; : 5, &quot;cellAlign&quot;: &quot;left&quot;,&quot;wrapAround&quot;: true,&quot;prevNextButtons&quot;: true,&quot;percentPosition&quot;: true,&quot;pageDots&quot;: false, &quot;rightToLeft&quot;: false, &quot;autoPlay&quot; : false}' >\n\n  \n\t     <div class=\"product-small col has-hover product type-product post-90374 status-publish instock product_cat-asciugacapelli product_cat-linea-linex product_cat-senza-supporto-da-parete has-post-thumbnail shipping-taxable purchasable product-type-variable\">\n\t<div class=\"col-inner\">\n\t\n<div class=\"badge-container absolute left top z-1\">\n\n<\/div>\n\t<div class=\"product-small box \">\n\t\t<div class=\"box-image\">\n\t\t\t<div class=\"image-fade_in_back\">\n\t\t\t\t<a href=\"https:\/\/simex.es\/it\/asciugacapelli-linex-1-400-w-2\/\">\n\t\t\t\t\t<img loading=\"lazy\" decoding=\"async\" width=\"247\" height=\"296\" src=\"https:\/\/simex.es\/wp-content\/uploads\/2020\/10\/secador_cabello_linex_1400W_sin_soporte_pared_abs_simex_plateado-247x296.jpg\" class=\"attachment-woocommerce_thumbnail size-woocommerce_thumbnail\" alt=\"Asciugacapelli Linea Linex - 1.400 W\" \/><img loading=\"lazy\" decoding=\"async\" width=\"247\" height=\"296\" src=\"https:\/\/simex.es\/wp-content\/uploads\/2020\/10\/secador_cabello_linex_1400W_sin_soporte_pared_abs_simex_blanco-247x296.jpg\" class=\"show-on-hover absolute fill hide-for-small back-image\" alt=\"Alternative view of Asciugacapelli Linea Linex - 1.400 W\" aria-hidden=\"true\" \/>\t\t\t\t<\/a>\n\t\t\t<\/div>\n\t\t\t<div class=\"image-tools is-small top right show-on-hover\">\n\t\t\t\t\t\t\t<\/div>\n\t\t\t<div class=\"image-tools is-small hide-for-small bottom left show-on-hover\">\n\t\t\t\t\t\t\t<\/div>\n\t\t\t<div class=\"image-tools grid-tools text-center hide-for-small bottom hover-slide-in show-on-hover\">\n\t\t\t\t\t\t\t<\/div>\n\t\t\t\t\t<\/div>\n\n\t\t<div class=\"box-text box-text-products\">\n\t\t\t<div class=\"title-wrapper\">\t\t<p class=\"category uppercase is-smaller no-text-overflow product-cat op-8\">\n\t\t\tASCIUGACAPELLI\t\t<\/p>\n\t<p class=\"name product-title woocommerce-loop-product__title\"><a href=\"https:\/\/simex.es\/it\/asciugacapelli-linex-1-400-w-2\/\" class=\"woocommerce-LoopProduct-link woocommerce-loop-product__link\">Asciugacapelli Linea Linex &#8211; 1.400 W<\/a><\/p><\/div><div class=\"price-wrapper\">\n\t<span class=\"price\"><span class=\"woocommerce-Price-amount amount\"><bdi>0,00<span class=\"woocommerce-Price-currencySymbol\">&euro;<\/span><\/bdi><\/span><\/span>\n<\/div>\t\t<\/div>\n\t<\/div>\n\t\t<\/div>\n<\/div><\/div> \t\n  \n    <div class=\"row large-columns-4 medium-columns-3 small-columns-2 row-small has-shadow row-box-shadow-1 row-box-shadow-3-hover slider row-slider slider-nav-reveal slider-nav-push\"  data-flickity-options='{&quot;imagesLoaded&quot;: true, &quot;groupCells&quot;: &quot;100%&quot;, &quot;dragThreshold&quot; : 5, &quot;cellAlign&quot;: &quot;left&quot;,&quot;wrapAround&quot;: true,&quot;prevNextButtons&quot;: true,&quot;percentPosition&quot;: true,&quot;pageDots&quot;: false, &quot;rightToLeft&quot;: false, &quot;autoPlay&quot; : false}' >\n\n  \n\t     <div class=\"product-small col has-hover product type-product post-90484 status-publish last instock product_cat-asciugacapelli product_cat-linea-linex product_cat-senza-supporto-da-parete has-post-thumbnail shipping-taxable purchasable product-type-variable\">\n\t<div class=\"col-inner\">\n\t\n<div class=\"badge-container absolute left top z-1\">\n\n<\/div>\n\t<div class=\"product-small box \">\n\t\t<div class=\"box-image\">\n\t\t\t<div class=\"image-fade_in_back\">\n\t\t\t\t<a href=\"https:\/\/simex.es\/it\/asciugacapelli-linex-1-800-w-2\/\">\n\t\t\t\t\t<img loading=\"lazy\" decoding=\"async\" width=\"247\" height=\"296\" src=\"https:\/\/simex.es\/wp-content\/uploads\/2020\/10\/secador_cabello_linex_1800W_sin_soporte_pared_abs_simex_plateado-247x296.jpg\" class=\"attachment-woocommerce_thumbnail size-woocommerce_thumbnail\" alt=\"Asciugacapelli Linea Linex - 1.800 W\" \/><img loading=\"lazy\" decoding=\"async\" width=\"247\" height=\"296\" src=\"https:\/\/simex.es\/wp-content\/uploads\/2020\/10\/secador_cabello_linex_1800W_sin_soporte_pared_abs_simex_blanco-247x296.jpg\" class=\"show-on-hover absolute fill hide-for-small back-image\" alt=\"Alternative view of Asciugacapelli Linea Linex - 1.800 W\" aria-hidden=\"true\" \/>\t\t\t\t<\/a>\n\t\t\t<\/div>\n\t\t\t<div class=\"image-tools is-small top right show-on-hover\">\n\t\t\t\t\t\t\t<\/div>\n\t\t\t<div class=\"image-tools is-small hide-for-small bottom left show-on-hover\">\n\t\t\t\t\t\t\t<\/div>\n\t\t\t<div class=\"image-tools grid-tools text-center hide-for-small bottom hover-slide-in show-on-hover\">\n\t\t\t\t\t\t\t<\/div>\n\t\t\t\t\t<\/div>\n\n\t\t<div class=\"box-text box-text-products\">\n\t\t\t<div class=\"title-wrapper\">\t\t<p class=\"category uppercase is-smaller no-text-overflow product-cat op-8\">\n\t\t\tASCIUGACAPELLI\t\t<\/p>\n\t<p class=\"name product-title woocommerce-loop-product__title\"><a href=\"https:\/\/simex.es\/it\/asciugacapelli-linex-1-800-w-2\/\" class=\"woocommerce-LoopProduct-link woocommerce-loop-product__link\">Asciugacapelli Linea Linex &#8211; 1.800 W<\/a><\/p><\/div><div class=\"price-wrapper\">\n\t<span class=\"price\"><span class=\"woocommerce-Price-amount amount\"><bdi>0,00<span class=\"woocommerce-Price-currencySymbol\">&euro;<\/span><\/bdi><\/span><\/span>\n<\/div>\t\t<\/div>\n\t<\/div>\n\t\t<\/div>\n<\/div><\/div>\n<h2><strong>Contattaci <\/strong><\/h2>\n<p>Speriamo che questo articolo ti sia piaciuto e, come sempre, se desideri effettuare un ordine, se hai domande o hai bisogno di ulteriori informazioni su uno dei nostri prodotti, non esitare a <span style=\"color: #ff6600;\"><a style=\"color: #ff6600;\" href=\"https:\/\/simex.es\/contacto\/\">contattarci<\/a><\/span>. Saremo lieti di assisterti!<\/p>\n","protected":false},"excerpt":{"rendered":"<p>Scopri quale asciugacapelli si adatta meglio alle tue esigenze Uno dei prodotti che si trovano praticamente in tutti gli hotel sono gli asciugacapelli, poich\u00e9 sono un elemento essenziale nelle routine di igiene di chiunque. Perci\u00f2, in questo articolo ti presenteremo la nostra ampia offerta di asciugacapelli, in modo che tu possa scegliere quello che meglio [&#8230;]\n","protected":false},"author":5,"featured_media":291238,"comment_status":"closed","ping_status":"open","sticky":false,"template":"","format":"standard","meta":{"footnotes":""},"categories":[1386],"tags":[],"class_list":["post-291263","post","type-post","status-publish","format-standard","has-post-thumbnail","hentry","category-prodotti"],"_links":{"self":[{"href":"https:\/\/simex.es\/it\/wp-json\/wp\/v2\/posts\/291263","targetHints":{"allow":["GET"]}}],"collection":[{"href":"https:\/\/simex.es\/it\/wp-json\/wp\/v2\/posts"}],"about":[{"href":"https:\/\/simex.es\/it\/wp-json\/wp\/v2\/types\/post"}],"author":[{"embeddable":true,"href":"https:\/\/simex.es\/it\/wp-json\/wp\/v2\/users\/5"}],"replies":[{"embeddable":true,"href":"https:\/\/simex.es\/it\/wp-json\/wp\/v2\/comments?post=291263"}],"version-history":[{"count":0,"href":"https:\/\/simex.es\/it\/wp-json\/wp\/v2\/posts\/291263\/revisions"}],"wp:featuredmedia":[{"embeddable":true,"href":"https:\/\/simex.es\/it\/wp-json\/wp\/v2\/media\/291238"}],"wp:attachment":[{"href":"https:\/\/simex.es\/it\/wp-json\/wp\/v2\/media?parent=291263"}],"wp:term":[{"taxonomy":"category","embeddable":true,"href":"https:\/\/simex.es\/it\/wp-json\/wp\/v2\/categories?post=291263"},{"taxonomy":"post_tag","embeddable":true,"href":"https:\/\/simex.es\/it\/wp-json\/wp\/v2\/tags?post=291263"}],"curies":[{"name":"wp","href":"https:\/\/api.w.org\/{rel}","templated":true}]}}