{"id":195092,"date":"2023-04-05T16:49:00","date_gmt":"2023-04-05T14:49:00","guid":{"rendered":"https:\/\/simex.es\/?p=195092"},"modified":"2024-03-06T10:35:44","modified_gmt":"2024-03-06T09:35:44","slug":"quali-locali-sono-obbligati-ad-avere-un-bagno-adattato","status":"publish","type":"post","link":"https:\/\/simex.es\/it\/quali-locali-sono-obbligati-ad-avere-un-bagno-adattato\/","title":{"rendered":"Quali locali sono obbligati ad avere un bagno adattato?"},"content":{"rendered":"<p>In generale, e a seconda della legislazione di ciascun Paese, ogni volta che sono necessari servizi igienici o spogliatoi, deve essere presente almeno un servizio igienico accessibile ogni 10 unit\u00e0 o frazione di servizi igienici installati, che possono essere condivisi da entrambi i sessi.<\/p>\n<h2><strong>Servizi igienici adattati per uso pubblico situati in locali di piccole dimensioni <\/strong><\/h2>\n<p>Poich\u00e9 l&#8217;obiettivo \u00e8 quello di facilitare l&#8217;accesso e l&#8217;uso non discriminatorio, indipendente e sicuro dei servizi igienici accessibili per le persone con disabilit\u00e0, nei locali di piccole dimensioni, cio\u00e8 quelli la cui superficie di uso pubblico non supera i 100 m2 e la cui occupazione da parte del pubblico non supera le 50 persone, possono essere prese in considerazione soluzioni alternative, ad esempio:<\/p>\n<ul>\n<li><strong>Servizi igienici ad uso condiviso.<\/strong> Ad esempio, un unico servizio igienico accessibile per entrambi i sessi, un unico servizio igienico accessibile per ciascun sesso, un servizio igienico accessibile per ciascun sesso, ecc.<\/li>\n<li><strong>Nei locali situati in centri commerciali<\/strong>, la sufficienza dei servizi igienici accessibili situati nelle aree comuni del centro commerciale, a condizione che la distanza dal locale ad essi sia moderata.<\/li>\n<\/ul>\n\t\n  \n    <div class=\"row large-columns-4 medium-columns-3 small-columns-2 row-small has-shadow row-box-shadow-1 row-box-shadow-3-hover slider row-slider slider-nav-reveal slider-nav-push\"  data-flickity-options='{&quot;imagesLoaded&quot;: true, &quot;groupCells&quot;: &quot;100%&quot;, &quot;dragThreshold&quot; : 5, &quot;cellAlign&quot;: &quot;left&quot;,&quot;wrapAround&quot;: true,&quot;prevNextButtons&quot;: true,&quot;percentPosition&quot;: true,&quot;pageDots&quot;: false, &quot;rightToLeft&quot;: false, &quot;autoPlay&quot; : false}' >\n\n  \n\t     <div class=\"product-small col has-hover product type-product post-92560 status-publish first instock product_cat-aiuti-tecnici product_cat-specchi-con-cornice has-post-thumbnail shipping-taxable purchasable product-type-variable\">\n\t<div class=\"col-inner\">\n\t\n<div class=\"badge-container absolute left top z-1\">\n\n<\/div>\n\t<div class=\"product-small box \">\n\t\t<div class=\"box-image\">\n\t\t\t<div class=\"image-fade_in_back\">\n\t\t\t\t<a href=\"https:\/\/simex.es\/it\/specchio-con-cornice-800-x-600\/\">\n\t\t\t\t\t<img loading=\"lazy\" decoding=\"async\" width=\"247\" height=\"296\" src=\"https:\/\/simex.es\/wp-content\/uploads\/2020\/11\/espejo_con_marco_acero_inox_800_600-300x300-1-247x296.webp\" class=\"attachment-woocommerce_thumbnail size-woocommerce_thumbnail\" alt=\"SPECCHIO CON CORNICE 800 x 600\" \/><img loading=\"lazy\" decoding=\"async\" width=\"247\" height=\"296\" src=\"https:\/\/simex.es\/wp-content\/uploads\/2020\/11\/espejo_con_marco_acero_epoxi_blanco_800_600-247x296.jpg\" class=\"show-on-hover absolute fill hide-for-small back-image\" alt=\"Alternative view of SPECCHIO CON CORNICE 800 x 600\" aria-hidden=\"true\" \/>\t\t\t\t<\/a>\n\t\t\t<\/div>\n\t\t\t<div class=\"image-tools is-small top right show-on-hover\">\n\t\t\t\t\t\t\t<\/div>\n\t\t\t<div class=\"image-tools is-small hide-for-small bottom left show-on-hover\">\n\t\t\t\t\t\t\t<\/div>\n\t\t\t<div class=\"image-tools grid-tools text-center hide-for-small bottom hover-slide-in show-on-hover\">\n\t\t\t\t\t\t\t<\/div>\n\t\t\t\t\t<\/div>\n\n\t\t<div class=\"box-text box-text-products\">\n\t\t\t<div class=\"title-wrapper\">\t\t<p class=\"category uppercase is-smaller no-text-overflow product-cat op-8\">\n\t\t\tAIUTI TECNICI\t\t<\/p>\n\t<p class=\"name product-title woocommerce-loop-product__title\"><a href=\"https:\/\/simex.es\/it\/specchio-con-cornice-800-x-600\/\" class=\"woocommerce-LoopProduct-link woocommerce-loop-product__link\">SPECCHIO CON CORNICE 800 x 600<\/a><\/p><\/div><div class=\"price-wrapper\">\n\t<span class=\"price\"><span class=\"woocommerce-Price-amount amount\"><bdi>0,00<span class=\"woocommerce-Price-currencySymbol\">&euro;<\/span><\/bdi><\/span><\/span>\n<\/div>\t\t<\/div>\n\t<\/div>\n\t\t<\/div>\n<\/div><div class=\"product-small col has-hover product type-product post-92534 status-publish instock product_cat-aiuti-tecnici product_cat-specchi-con-cornice has-post-thumbnail shipping-taxable purchasable product-type-variable\">\n\t<div class=\"col-inner\">\n\t\n<div class=\"badge-container absolute left top z-1\">\n\n<\/div>\n\t<div class=\"product-small box \">\n\t\t<div class=\"box-image\">\n\t\t\t<div class=\"image-fade_in_back\">\n\t\t\t\t<a href=\"https:\/\/simex.es\/it\/specchio-con-cornice-700-x-500\/\">\n\t\t\t\t\t<img loading=\"lazy\" decoding=\"async\" width=\"247\" height=\"296\" src=\"https:\/\/simex.es\/wp-content\/uploads\/2020\/11\/espejo_con_marco_acero_inox_700_500-01-300x300-1-247x296.webp\" class=\"attachment-woocommerce_thumbnail size-woocommerce_thumbnail\" alt=\"SPECCHIO CON CORNICE 700 x 500\" \/><img loading=\"lazy\" decoding=\"async\" width=\"247\" height=\"296\" src=\"https:\/\/simex.es\/wp-content\/uploads\/2020\/11\/espejo_con_marco_acero_inox_700_500-01-247x296.jpg\" class=\"show-on-hover absolute fill hide-for-small back-image\" alt=\"Alternative view of SPECCHIO CON CORNICE 700 x 500\" aria-hidden=\"true\" \/>\t\t\t\t<\/a>\n\t\t\t<\/div>\n\t\t\t<div class=\"image-tools is-small top right show-on-hover\">\n\t\t\t\t\t\t\t<\/div>\n\t\t\t<div class=\"image-tools is-small hide-for-small bottom left show-on-hover\">\n\t\t\t\t\t\t\t<\/div>\n\t\t\t<div class=\"image-tools grid-tools text-center hide-for-small bottom hover-slide-in show-on-hover\">\n\t\t\t\t\t\t\t<\/div>\n\t\t\t\t\t<\/div>\n\n\t\t<div class=\"box-text box-text-products\">\n\t\t\t<div class=\"title-wrapper\">\t\t<p class=\"category uppercase is-smaller no-text-overflow product-cat op-8\">\n\t\t\tAIUTI TECNICI\t\t<\/p>\n\t<p class=\"name product-title woocommerce-loop-product__title\"><a href=\"https:\/\/simex.es\/it\/specchio-con-cornice-700-x-500\/\" class=\"woocommerce-LoopProduct-link woocommerce-loop-product__link\">SPECCHIO CON CORNICE 700 x 500<\/a><\/p><\/div><div class=\"price-wrapper\">\n\t<span class=\"price\"><span class=\"woocommerce-Price-amount amount\"><bdi>0,00<span class=\"woocommerce-Price-currencySymbol\">&euro;<\/span><\/bdi><\/span><\/span>\n<\/div>\t\t<\/div>\n\t<\/div>\n\t\t<\/div>\n<\/div><div class=\"product-small col has-hover product type-product post-92504 status-publish last instock product_cat-aiuti-tecnici product_cat-specchi-con-cornice has-post-thumbnail shipping-taxable purchasable product-type-variable\">\n\t<div class=\"col-inner\">\n\t\n<div class=\"badge-container absolute left top z-1\">\n\n<\/div>\n\t<div class=\"product-small box \">\n\t\t<div class=\"box-image\">\n\t\t\t<div class=\"image-fade_in_back\">\n\t\t\t\t<a href=\"https:\/\/simex.es\/it\/kit-inclinazione-specchio-con-cornice-800-x-600\/\">\n\t\t\t\t\t<img loading=\"lazy\" decoding=\"async\" width=\"247\" height=\"296\" src=\"https:\/\/simex.es\/wp-content\/uploads\/2020\/11\/kit_reclinar_espejos_con_marco_-satinado_simex-300x300-1-247x296.webp\" class=\"attachment-woocommerce_thumbnail size-woocommerce_thumbnail\" alt=\"KIT INCLINAZIONE SPECCHIO CON CORNICE 800 x 600\" \/><img loading=\"lazy\" decoding=\"async\" width=\"247\" height=\"296\" src=\"https:\/\/simex.es\/wp-content\/uploads\/2020\/11\/kit_reclinar_espejos_con_marco_epoxi_blanco_simex-247x296.jpg\" class=\"show-on-hover absolute fill hide-for-small back-image\" alt=\"Alternative view of KIT INCLINAZIONE SPECCHIO CON CORNICE 800 x 600\" aria-hidden=\"true\" \/>\t\t\t\t<\/a>\n\t\t\t<\/div>\n\t\t\t<div class=\"image-tools is-small top right show-on-hover\">\n\t\t\t\t\t\t\t<\/div>\n\t\t\t<div class=\"image-tools is-small hide-for-small bottom left show-on-hover\">\n\t\t\t\t\t\t\t<\/div>\n\t\t\t<div class=\"image-tools grid-tools text-center hide-for-small bottom hover-slide-in show-on-hover\">\n\t\t\t\t\t\t\t<\/div>\n\t\t\t\t\t<\/div>\n\n\t\t<div class=\"box-text box-text-products\">\n\t\t\t<div class=\"title-wrapper\">\t\t<p class=\"category uppercase is-smaller no-text-overflow product-cat op-8\">\n\t\t\tAIUTI TECNICI\t\t<\/p>\n\t<p class=\"name product-title woocommerce-loop-product__title\"><a href=\"https:\/\/simex.es\/it\/kit-inclinazione-specchio-con-cornice-800-x-600\/\" class=\"woocommerce-LoopProduct-link woocommerce-loop-product__link\">KIT INCLINAZIONE SPECCHIO CON CORNICE 800 x 600<\/a><\/p><\/div><div class=\"price-wrapper\">\n\t<span class=\"price\"><span class=\"woocommerce-Price-amount amount\"><bdi>0,00<span class=\"woocommerce-Price-currencySymbol\">&euro;<\/span><\/bdi><\/span><\/span>\n<\/div>\t\t<\/div>\n\t<\/div>\n\t\t<\/div>\n<\/div><div class=\"product-small col has-hover product type-product post-92479 status-publish first instock product_cat-aiuti-tecnici product_cat-specchi-con-cornice has-post-thumbnail shipping-taxable purchasable product-type-variable\">\n\t<div class=\"col-inner\">\n\t\n<div class=\"badge-container absolute left top z-1\">\n\n<\/div>\n\t<div class=\"product-small box \">\n\t\t<div class=\"box-image\">\n\t\t\t<div class=\"image-fade_in_back\">\n\t\t\t\t<a href=\"https:\/\/simex.es\/it\/kit-inclinazione-specchio-con-cornice-700-x-500\/\">\n\t\t\t\t\t<img loading=\"lazy\" decoding=\"async\" width=\"247\" height=\"296\" src=\"https:\/\/simex.es\/wp-content\/uploads\/2020\/11\/kit_reclinar_espejos_con_marco_-satinado_simex-300x300-1-247x296.webp\" class=\"attachment-woocommerce_thumbnail size-woocommerce_thumbnail\" alt=\"KIT INCLINAZIONE SPECCHIO CON CORNICE 700 x 500\" \/><img loading=\"lazy\" decoding=\"async\" width=\"247\" height=\"296\" src=\"https:\/\/simex.es\/wp-content\/uploads\/2020\/11\/kit_reclinar_espejos_con_marco_epoxi_blanco_simex-247x296.jpg\" class=\"show-on-hover absolute fill hide-for-small back-image\" alt=\"Alternative view of KIT INCLINAZIONE SPECCHIO CON CORNICE 700 x 500\" aria-hidden=\"true\" \/>\t\t\t\t<\/a>\n\t\t\t<\/div>\n\t\t\t<div class=\"image-tools is-small top right show-on-hover\">\n\t\t\t\t\t\t\t<\/div>\n\t\t\t<div class=\"image-tools is-small hide-for-small bottom left show-on-hover\">\n\t\t\t\t\t\t\t<\/div>\n\t\t\t<div class=\"image-tools grid-tools text-center hide-for-small bottom hover-slide-in show-on-hover\">\n\t\t\t\t\t\t\t<\/div>\n\t\t\t\t\t<\/div>\n\n\t\t<div class=\"box-text box-text-products\">\n\t\t\t<div class=\"title-wrapper\">\t\t<p class=\"category uppercase is-smaller no-text-overflow product-cat op-8\">\n\t\t\tAIUTI TECNICI\t\t<\/p>\n\t<p class=\"name product-title woocommerce-loop-product__title\"><a href=\"https:\/\/simex.es\/it\/kit-inclinazione-specchio-con-cornice-700-x-500\/\" class=\"woocommerce-LoopProduct-link woocommerce-loop-product__link\">KIT INCLINAZIONE SPECCHIO CON CORNICE 700 x 500<\/a><\/p><\/div><div class=\"price-wrapper\">\n\t<span class=\"price\"><span class=\"woocommerce-Price-amount amount\"><bdi>0,00<span class=\"woocommerce-Price-currencySymbol\">&euro;<\/span><\/bdi><\/span><\/span>\n<\/div>\t\t<\/div>\n\t<\/div>\n\t\t<\/div>\n<\/div><div class=\"product-small col has-hover product type-product post-66231 status-publish instock product_cat-aiuti-tecnici product_cat-sedili-doccia has-post-thumbnail product-type-simple\">\n\t<div class=\"col-inner\">\n\t\n<div class=\"badge-container absolute left top z-1\">\n\n<\/div>\n\t<div class=\"product-small box \">\n\t\t<div class=\"box-image\">\n\t\t\t<div class=\"image-fade_in_back\">\n\t\t\t\t<a href=\"https:\/\/simex.es\/it\/sedile-doccia-con-piedino-parete\/\">\n\t\t\t\t\t<img loading=\"lazy\" decoding=\"async\" width=\"247\" height=\"296\" src=\"https:\/\/simex.es\/wp-content\/uploads\/2020\/10\/asiento_ducha_pata_pared_acero_inox_satinado_simex-300x300-1-247x296.webp\" class=\"attachment-woocommerce_thumbnail size-woocommerce_thumbnail\" alt=\"Sedile pieghevole con piedino parete\" \/>\t\t\t\t<\/a>\n\t\t\t<\/div>\n\t\t\t<div class=\"image-tools is-small top right show-on-hover\">\n\t\t\t\t\t\t\t<\/div>\n\t\t\t<div class=\"image-tools is-small hide-for-small bottom left show-on-hover\">\n\t\t\t\t\t\t\t<\/div>\n\t\t\t<div class=\"image-tools grid-tools text-center hide-for-small bottom hover-slide-in show-on-hover\">\n\t\t\t\t\t\t\t<\/div>\n\t\t\t\t\t<\/div>\n\n\t\t<div class=\"box-text box-text-products\">\n\t\t\t<div class=\"title-wrapper\">\t\t<p class=\"category uppercase is-smaller no-text-overflow product-cat op-8\">\n\t\t\tAIUTI TECNICI\t\t<\/p>\n\t<p class=\"name product-title woocommerce-loop-product__title\"><a href=\"https:\/\/simex.es\/it\/sedile-doccia-con-piedino-parete\/\" class=\"woocommerce-LoopProduct-link woocommerce-loop-product__link\">Sedile pieghevole con piedino parete<\/a><\/p><\/div><div class=\"price-wrapper\">\n<\/div>\t\t<\/div>\n\t<\/div>\n\t\t<\/div>\n<\/div><div class=\"product-small col has-hover product type-product post-66219 status-publish last instock product_cat-aiuti-tecnici product_cat-sedili-doccia has-post-thumbnail purchasable product-type-variable\">\n\t<div class=\"col-inner\">\n\t\n<div class=\"badge-container absolute left top z-1\">\n\n<\/div>\n\t<div class=\"product-small box \">\n\t\t<div class=\"box-image\">\n\t\t\t<div class=\"image-fade_in_back\">\n\t\t\t\t<a href=\"https:\/\/simex.es\/it\/sedile-doccia-con-piedino-pavimento-2\/\">\n\t\t\t\t\t<img loading=\"lazy\" decoding=\"async\" width=\"247\" height=\"296\" src=\"https:\/\/simex.es\/wp-content\/uploads\/2020\/10\/asiento_ducha_pata_suelo_acero_inox_satinado_simex-600x600-1-247x296.webp\" class=\"attachment-woocommerce_thumbnail size-woocommerce_thumbnail\" alt=\"Sedile pieghevole con piedino pavimento\" \/><img loading=\"lazy\" decoding=\"async\" width=\"247\" height=\"296\" src=\"https:\/\/simex.es\/wp-content\/uploads\/2017\/11\/asiento_ducha_pata_suelo_acero_epoxy_blanco_simex-247x296.jpg\" class=\"show-on-hover absolute fill hide-for-small back-image\" alt=\"Alternative view of Sedile pieghevole con piedino pavimento\" aria-hidden=\"true\" \/>\t\t\t\t<\/a>\n\t\t\t<\/div>\n\t\t\t<div class=\"image-tools is-small top right show-on-hover\">\n\t\t\t\t\t\t\t<\/div>\n\t\t\t<div class=\"image-tools is-small hide-for-small bottom left show-on-hover\">\n\t\t\t\t\t\t\t<\/div>\n\t\t\t<div class=\"image-tools grid-tools text-center hide-for-small bottom hover-slide-in show-on-hover\">\n\t\t\t\t\t\t\t<\/div>\n\t\t\t\t\t<\/div>\n\n\t\t<div class=\"box-text box-text-products\">\n\t\t\t<div class=\"title-wrapper\">\t\t<p class=\"category uppercase is-smaller no-text-overflow product-cat op-8\">\n\t\t\tAIUTI TECNICI\t\t<\/p>\n\t<p class=\"name product-title woocommerce-loop-product__title\"><a href=\"https:\/\/simex.es\/it\/sedile-doccia-con-piedino-pavimento-2\/\" class=\"woocommerce-LoopProduct-link woocommerce-loop-product__link\">Sedile pieghevole con piedino pavimento<\/a><\/p><\/div><div class=\"price-wrapper\">\n\t<span class=\"price\"><span class=\"woocommerce-Price-amount amount\"><bdi>0,00<span class=\"woocommerce-Price-currencySymbol\">&euro;<\/span><\/bdi><\/span><\/span>\n<\/div>\t\t<\/div>\n\t<\/div>\n\t\t<\/div>\n<\/div><div class=\"product-small col has-hover product type-product post-66195 status-publish first instock product_cat-aiuti-tecnici product_cat-sedili-doccia product_tag-relacionado-02187-it has-post-thumbnail purchasable product-type-variable\">\n\t<div class=\"col-inner\">\n\t\n<div class=\"badge-container absolute left top z-1\">\n\n<\/div>\n\t<div class=\"product-small box \">\n\t\t<div class=\"box-image\">\n\t\t\t<div class=\"image-fade_in_back\">\n\t\t\t\t<a href=\"https:\/\/simex.es\/it\/sedile-doccia-acciaio-inox\/\">\n\t\t\t\t\t<img loading=\"lazy\" decoding=\"async\" width=\"247\" height=\"296\" src=\"https:\/\/simex.es\/wp-content\/uploads\/2020\/10\/asiento_ducha_abatible_acero_inox_satinado_simex-300x300-1-247x296.webp\" class=\"attachment-woocommerce_thumbnail size-woocommerce_thumbnail\" alt=\"Sedile pieghevole\" \/><img loading=\"lazy\" decoding=\"async\" width=\"247\" height=\"296\" src=\"https:\/\/simex.es\/wp-content\/uploads\/2017\/11\/asiento_ducha_abatible_acero_inox_epoxy_blanco_simex-247x296.jpg\" class=\"show-on-hover absolute fill hide-for-small back-image\" alt=\"Alternative view of Sedile pieghevole\" aria-hidden=\"true\" \/>\t\t\t\t<\/a>\n\t\t\t<\/div>\n\t\t\t<div class=\"image-tools is-small top right show-on-hover\">\n\t\t\t\t\t\t\t<\/div>\n\t\t\t<div class=\"image-tools is-small hide-for-small bottom left show-on-hover\">\n\t\t\t\t\t\t\t<\/div>\n\t\t\t<div class=\"image-tools grid-tools text-center hide-for-small bottom hover-slide-in show-on-hover\">\n\t\t\t\t\t\t\t<\/div>\n\t\t\t\t\t<\/div>\n\n\t\t<div class=\"box-text box-text-products\">\n\t\t\t<div class=\"title-wrapper\">\t\t<p class=\"category uppercase is-smaller no-text-overflow product-cat op-8\">\n\t\t\tAIUTI TECNICI\t\t<\/p>\n\t<p class=\"name product-title woocommerce-loop-product__title\"><a href=\"https:\/\/simex.es\/it\/sedile-doccia-acciaio-inox\/\" class=\"woocommerce-LoopProduct-link woocommerce-loop-product__link\">Sedile pieghevole<\/a><\/p><\/div><div class=\"price-wrapper\">\n\t<span class=\"price\"><span class=\"woocommerce-Price-amount amount\"><bdi>0,00<span class=\"woocommerce-Price-currencySymbol\">&euro;<\/span><\/bdi><\/span><\/span>\n<\/div>\t\t<\/div>\n\t<\/div>\n\t\t<\/div>\n<\/div><div class=\"product-small col has-hover product type-product post-92324 status-publish instock product_cat-aiuti-tecnici product_cat-sedili-doccia product_tag-relacionado-02227-it has-post-thumbnail product-type-simple\">\n\t<div class=\"col-inner\">\n\t\n<div class=\"badge-container absolute left top z-1\">\n\n<\/div>\n\t<div class=\"product-small box \">\n\t\t<div class=\"box-image\">\n\t\t\t<div class=\"image-fade_in_back\">\n\t\t\t\t<a href=\"https:\/\/simex.es\/it\/sedile-doccia-con-piedino-pavimento\/\">\n\t\t\t\t\t<img loading=\"lazy\" decoding=\"async\" width=\"247\" height=\"296\" src=\"https:\/\/simex.es\/wp-content\/uploads\/2020\/10\/asiento_ducha_con_pata_al_suelo_acero_inox_nylon_blanco-600x600-1-247x296.webp\" class=\"attachment-woocommerce_thumbnail size-woocommerce_thumbnail\" alt=\"Sedile pieghevole con piedino pavimento\" \/>\t\t\t\t<\/a>\n\t\t\t<\/div>\n\t\t\t<div class=\"image-tools is-small top right show-on-hover\">\n\t\t\t\t\t\t\t<\/div>\n\t\t\t<div class=\"image-tools is-small hide-for-small bottom left show-on-hover\">\n\t\t\t\t\t\t\t<\/div>\n\t\t\t<div class=\"image-tools grid-tools text-center hide-for-small bottom hover-slide-in show-on-hover\">\n\t\t\t\t\t\t\t<\/div>\n\t\t\t\t\t<\/div>\n\n\t\t<div class=\"box-text box-text-products\">\n\t\t\t<div class=\"title-wrapper\">\t\t<p class=\"category uppercase is-smaller no-text-overflow product-cat op-8\">\n\t\t\tAIUTI TECNICI\t\t<\/p>\n\t<p class=\"name product-title woocommerce-loop-product__title\"><a href=\"https:\/\/simex.es\/it\/sedile-doccia-con-piedino-pavimento\/\" class=\"woocommerce-LoopProduct-link woocommerce-loop-product__link\">Sedile pieghevole con piedino pavimento<\/a><\/p><\/div><div class=\"price-wrapper\">\n<\/div>\t\t<\/div>\n\t<\/div>\n\t\t<\/div>\n<\/div><\/div>\n<h2><strong>Cosa succede negli edifici altamente specializzati?<\/strong><\/h2>\n<p>Nel caso di alcuni edifici altamente specializzati, come impianti e strutture sportive, ospedali, case di cura, ecc. le caratteristiche di accessibilit\u00e0 sono definite da normative nazionali specifiche in base alla loro attivit\u00e0.<\/p>\n<h3><strong>Caratteristiche che deve avere un bagno adattato <\/strong><\/h3>\n<ul>\n<li>Servizi igienici accessibili.<\/li>\n<li>Essere collegato a un percorso accessibile.<\/li>\n<li>Spazio di rotazione con un diametro minimo di 1,50 m libero da ostacoli.<\/li>\n<li>Porte che oscillano verso l&#8217;esterno o porte scorrevoli.<\/li>\n<li>Barre di sostegno, meccanismi e accessori cromaticamente differenziati dall&#8217;ambiente circostante.<\/li>\n<\/ul>\n<h2><strong>A quali RACCOMANDAZIONI devono conformarsi gli elementi dei servizi igienici adattati?<\/strong><\/h2>\n<p>Esaminiamo ciascuno di questi elementi e forniamo raccomandazioni per la loro installazione:<\/p>\n<h3><strong>Apparecchi sanitari accessibili <\/strong><\/h3>\n<ul>\n<li><strong>Lavabo:<\/strong> Deve avere uno spazio libero sottostante per le persone in sedia a rotelle, oltre a non avere un piedistallo.<\/li>\n<li><strong>WC:<\/strong> lo spazio di trasferimento laterale deve essere largo circa 80 cm per consentire la mobilit\u00e0.<\/li>\n<li><strong>Doccia:<\/strong> lo spazio di trasferimento laterale consigliato \u00e8 di 80 cm accanto al sedile. Il pavimento deve essere a filo della pendenza di scarico.<\/li>\n<li><strong>Orinatoio:<\/strong> se ci sono pi\u00f9 di 5 unit\u00e0, una unit\u00e0 deve essere installata pi\u00f9 in basso rispetto alle altre.<\/li>\n<\/ul>\n\t\n  \n    <div class=\"row large-columns-4 medium-columns-3 small-columns-2 row-small has-shadow row-box-shadow-1 row-box-shadow-3-hover slider row-slider slider-nav-reveal slider-nav-push\"  data-flickity-options='{&quot;imagesLoaded&quot;: true, &quot;groupCells&quot;: &quot;100%&quot;, &quot;dragThreshold&quot; : 5, &quot;cellAlign&quot;: &quot;left&quot;,&quot;wrapAround&quot;: true,&quot;prevNextButtons&quot;: true,&quot;percentPosition&quot;: true,&quot;pageDots&quot;: false, &quot;rightToLeft&quot;: false, &quot;autoPlay&quot; : false}' >\n\n  \n\t     <div class=\"product-small col has-hover product type-product post-51214 status-publish last instock product_cat-aiuti-tecnici product_cat-set-lavamani product_tag-relacionado-02225-it has-post-thumbnail product-type-simple\">\n\t<div class=\"col-inner\">\n\t\n<div class=\"badge-container absolute left top z-1\">\n\n<\/div>\n\t<div class=\"product-small box \">\n\t\t<div class=\"box-image\">\n\t\t\t<div class=\"image-fade_in_back\">\n\t\t\t\t<a href=\"https:\/\/simex.es\/it\/set\/\">\n\t\t\t\t\t<img loading=\"lazy\" decoding=\"async\" width=\"247\" height=\"296\" src=\"https:\/\/simex.es\/wp-content\/uploads\/2017\/09\/conjunto_lavabo_fijo_ceramica_blanco_simex-247x296.jpg\" class=\"attachment-woocommerce_thumbnail size-woocommerce_thumbnail\" alt=\"Set lavamani fisso\" \/>\t\t\t\t<\/a>\n\t\t\t<\/div>\n\t\t\t<div class=\"image-tools is-small top right show-on-hover\">\n\t\t\t\t\t\t\t<\/div>\n\t\t\t<div class=\"image-tools is-small hide-for-small bottom left show-on-hover\">\n\t\t\t\t\t\t\t<\/div>\n\t\t\t<div class=\"image-tools grid-tools text-center hide-for-small bottom hover-slide-in show-on-hover\">\n\t\t\t\t\t\t\t<\/div>\n\t\t\t\t\t<\/div>\n\n\t\t<div class=\"box-text box-text-products\">\n\t\t\t<div class=\"title-wrapper\">\t\t<p class=\"category uppercase is-smaller no-text-overflow product-cat op-8\">\n\t\t\tAIUTI TECNICI\t\t<\/p>\n\t<p class=\"name product-title woocommerce-loop-product__title\"><a href=\"https:\/\/simex.es\/it\/set\/\" class=\"woocommerce-LoopProduct-link woocommerce-loop-product__link\">Set lavamani fisso<\/a><\/p><\/div><div class=\"price-wrapper\">\n<\/div>\t\t<\/div>\n\t<\/div>\n\t\t<\/div>\n<\/div><div class=\"product-small col has-hover product type-product post-51210 status-publish first instock product_cat-aiuti-tecnici product_cat-set-lavamani product_tag-relacionado-02225-it has-post-thumbnail product-type-simple\">\n\t<div class=\"col-inner\">\n\t\n<div class=\"badge-container absolute left top z-1\">\n\n<\/div>\n\t<div class=\"product-small box \">\n\t\t<div class=\"box-image\">\n\t\t\t<div class=\"image-fade_in_back\">\n\t\t\t\t<a href=\"https:\/\/simex.es\/it\/set-lavamani-2\/\">\n\t\t\t\t\t<img loading=\"lazy\" decoding=\"async\" width=\"247\" height=\"296\" src=\"https:\/\/simex.es\/wp-content\/uploads\/2017\/09\/conjunto_lavabo_manual_ceramica_blanco_simex-247x296.jpg\" class=\"attachment-woocommerce_thumbnail size-woocommerce_thumbnail\" alt=\"Set lavamani regolazione manuale\" \/>\t\t\t\t<\/a>\n\t\t\t<\/div>\n\t\t\t<div class=\"image-tools is-small top right show-on-hover\">\n\t\t\t\t\t\t\t<\/div>\n\t\t\t<div class=\"image-tools is-small hide-for-small bottom left show-on-hover\">\n\t\t\t\t\t\t\t<\/div>\n\t\t\t<div class=\"image-tools grid-tools text-center hide-for-small bottom hover-slide-in show-on-hover\">\n\t\t\t\t\t\t\t<\/div>\n\t\t\t\t\t<\/div>\n\n\t\t<div class=\"box-text box-text-products\">\n\t\t\t<div class=\"title-wrapper\">\t\t<p class=\"category uppercase is-smaller no-text-overflow product-cat op-8\">\n\t\t\tAIUTI TECNICI\t\t<\/p>\n\t<p class=\"name product-title woocommerce-loop-product__title\"><a href=\"https:\/\/simex.es\/it\/set-lavamani-2\/\" class=\"woocommerce-LoopProduct-link woocommerce-loop-product__link\">Set lavamani regolazione manuale<\/a><\/p><\/div><div class=\"price-wrapper\">\n<\/div>\t\t<\/div>\n\t<\/div>\n\t\t<\/div>\n<\/div><div class=\"product-small col has-hover product type-product post-51206 status-publish instock product_cat-aiuti-tecnici product_cat-set-lavamani product_tag-relacionado-02225-it has-post-thumbnail product-type-simple\">\n\t<div class=\"col-inner\">\n\t\n<div class=\"badge-container absolute left top z-1\">\n\n<\/div>\n\t<div class=\"product-small box \">\n\t\t<div class=\"box-image\">\n\t\t\t<div class=\"image-fade_in_back\">\n\t\t\t\t<a href=\"https:\/\/simex.es\/it\/set-lavamani\/\">\n\t\t\t\t\t<img loading=\"lazy\" decoding=\"async\" width=\"247\" height=\"296\" src=\"https:\/\/simex.es\/wp-content\/uploads\/2017\/09\/conjunto_lavabo_mecanico_ceramica_blanco_simex-247x296.jpg\" class=\"attachment-woocommerce_thumbnail size-woocommerce_thumbnail\" alt=\"Set lavamani regolazione meccanica\" \/>\t\t\t\t<\/a>\n\t\t\t<\/div>\n\t\t\t<div class=\"image-tools is-small top right show-on-hover\">\n\t\t\t\t\t\t\t<\/div>\n\t\t\t<div class=\"image-tools is-small hide-for-small bottom left show-on-hover\">\n\t\t\t\t\t\t\t<\/div>\n\t\t\t<div class=\"image-tools grid-tools text-center hide-for-small bottom hover-slide-in show-on-hover\">\n\t\t\t\t\t\t\t<\/div>\n\t\t\t\t\t<\/div>\n\n\t\t<div class=\"box-text box-text-products\">\n\t\t\t<div class=\"title-wrapper\">\t\t<p class=\"category uppercase is-smaller no-text-overflow product-cat op-8\">\n\t\t\tAIUTI TECNICI\t\t<\/p>\n\t<p class=\"name product-title woocommerce-loop-product__title\"><a href=\"https:\/\/simex.es\/it\/set-lavamani\/\" class=\"woocommerce-LoopProduct-link woocommerce-loop-product__link\">Set lavamani regolazione meccanica<\/a><\/p><\/div><div class=\"price-wrapper\">\n<\/div>\t\t<\/div>\n\t<\/div>\n\t\t<\/div>\n<\/div><\/div>\n<h3><strong>Barre di supporto <\/strong><\/h3>\n<ul>\n<li>Devono essere<strong> facili da afferrare<\/strong> e da separare dalla parete.<\/li>\n<li><strong>Fissaggio<\/strong> e sostegno: sostenere il peso di una persona, circa 1 kN di forza in qualsiasi direzione.<\/li>\n<li><strong>Per i servizi igienici:<\/strong> una barra orizzontale su ciascun lato.<\/li>\n<li><strong>Nelle docce<\/strong>: sul lato del sedile, barre di supporto orizzontali sul perimetro di almeno due pareti angolari e una barra verticale sulla parete.<\/li>\n<\/ul>\n\t\n  \n    <div class=\"row large-columns-4 medium-columns-3 small-columns-2 row-small has-shadow row-box-shadow-1 row-box-shadow-3-hover slider row-slider slider-nav-reveal slider-nav-push\"  data-flickity-options='{&quot;imagesLoaded&quot;: true, &quot;groupCells&quot;: &quot;100%&quot;, &quot;dragThreshold&quot; : 5, &quot;cellAlign&quot;: &quot;left&quot;,&quot;wrapAround&quot;: true,&quot;prevNextButtons&quot;: true,&quot;percentPosition&quot;: true,&quot;pageDots&quot;: false, &quot;rightToLeft&quot;: false, &quot;autoPlay&quot; : false}' >\n\n  \n\t     <div class=\"product-small col has-hover product type-product post-89338 status-publish last instock product_cat-acciaio-inossidabile product_cat-barre-abbattibile product_cat-maniglie-di-supporto-ed-aiuti-tecnici-per-la-mobilita has-post-thumbnail shipping-taxable purchasable product-type-variable\">\n\t<div class=\"col-inner\">\n\t\n<div class=\"badge-container absolute left top z-1\">\n\n<\/div>\n\t<div class=\"product-small box \">\n\t\t<div class=\"box-image\">\n\t\t\t<div class=\"image-fade_in_back\">\n\t\t\t\t<a href=\"https:\/\/simex.es\/it\/barra-abbattibile-simple-con-piede-retraibile-copia\/\">\n\t\t\t\t\t<img loading=\"lazy\" decoding=\"async\" width=\"247\" height=\"296\" src=\"https:\/\/simex.es\/wp-content\/uploads\/2020\/10\/simex_barra_abatible_con_pata_retractil-1-247x296.webp\" class=\"attachment-woocommerce_thumbnail size-woocommerce_thumbnail\" alt=\"Barra abbattibile con piedino\" \/><img loading=\"lazy\" decoding=\"async\" width=\"247\" height=\"296\" src=\"https:\/\/simex.es\/wp-content\/uploads\/2020\/10\/simex_barra_abatible_con_pata_retractil_inox_satinado-247x296.jpg\" class=\"show-on-hover absolute fill hide-for-small back-image\" alt=\"Alternative view of Barra abbattibile con piedino\" aria-hidden=\"true\" \/>\t\t\t\t<\/a>\n\t\t\t<\/div>\n\t\t\t<div class=\"image-tools is-small top right show-on-hover\">\n\t\t\t\t\t\t\t<\/div>\n\t\t\t<div class=\"image-tools is-small hide-for-small bottom left show-on-hover\">\n\t\t\t\t\t\t\t<\/div>\n\t\t\t<div class=\"image-tools grid-tools text-center hide-for-small bottom hover-slide-in show-on-hover\">\n\t\t\t\t\t\t\t<\/div>\n\t\t\t\t\t<\/div>\n\n\t\t<div class=\"box-text box-text-products\">\n\t\t\t<div class=\"title-wrapper\">\t\t<p class=\"category uppercase is-smaller no-text-overflow product-cat op-8\">\n\t\t\tAcciaio inossidabile\t\t<\/p>\n\t<p class=\"name product-title woocommerce-loop-product__title\"><a href=\"https:\/\/simex.es\/it\/barra-abbattibile-simple-con-piede-retraibile-copia\/\" class=\"woocommerce-LoopProduct-link woocommerce-loop-product__link\">Barra abbattibile con piedino<\/a><\/p><\/div><div class=\"price-wrapper\">\n\t<span class=\"price\"><span class=\"woocommerce-Price-amount amount\"><bdi>0,00<span class=\"woocommerce-Price-currencySymbol\">&euro;<\/span><\/bdi><\/span><\/span>\n<\/div>\t\t<\/div>\n\t<\/div>\n\t\t<\/div>\n<\/div><div class=\"product-small col has-hover product type-product post-72342 status-publish first instock product_cat-acciaio-inossidabile product_cat-barre-abbattibile product_cat-maniglie-di-supporto-ed-aiuti-tecnici-per-la-mobilita has-post-thumbnail shipping-taxable purchasable product-type-variable\">\n\t<div class=\"col-inner\">\n\t\n<div class=\"badge-container absolute left top z-1\">\n\n<\/div>\n\t<div class=\"product-small box \">\n\t\t<div class=\"box-image\">\n\t\t\t<div class=\"image-fade_in_back\">\n\t\t\t\t<a href=\"https:\/\/simex.es\/it\/barra-abbattibile-con-piede-retraibile\/\">\n\t\t\t\t\t<img loading=\"lazy\" decoding=\"async\" width=\"247\" height=\"296\" src=\"https:\/\/simex.es\/wp-content\/uploads\/2018\/08\/simex_barra_abatible_simple_con_pata_retractil-300x300-1-247x296.webp\" class=\"attachment-woocommerce_thumbnail size-woocommerce_thumbnail\" alt=\"Barra retta abbattibile con piedino\" \/><img loading=\"lazy\" decoding=\"async\" width=\"247\" height=\"296\" src=\"https:\/\/simex.es\/wp-content\/uploads\/2018\/08\/simex_barra_abatible_simple_con_pata_retractil_inox_satinado-247x296.jpg\" class=\"show-on-hover absolute fill hide-for-small back-image\" alt=\"Alternative view of Barra retta abbattibile con piedino\" aria-hidden=\"true\" \/>\t\t\t\t<\/a>\n\t\t\t<\/div>\n\t\t\t<div class=\"image-tools is-small top right show-on-hover\">\n\t\t\t\t\t\t\t<\/div>\n\t\t\t<div class=\"image-tools is-small hide-for-small bottom left show-on-hover\">\n\t\t\t\t\t\t\t<\/div>\n\t\t\t<div class=\"image-tools grid-tools text-center hide-for-small bottom hover-slide-in show-on-hover\">\n\t\t\t\t\t\t\t<\/div>\n\t\t\t\t\t<\/div>\n\n\t\t<div class=\"box-text box-text-products\">\n\t\t\t<div class=\"title-wrapper\">\t\t<p class=\"category uppercase is-smaller no-text-overflow product-cat op-8\">\n\t\t\tAcciaio inossidabile\t\t<\/p>\n\t<p class=\"name product-title woocommerce-loop-product__title\"><a href=\"https:\/\/simex.es\/it\/barra-abbattibile-con-piede-retraibile\/\" class=\"woocommerce-LoopProduct-link woocommerce-loop-product__link\">Barra retta abbattibile con piedino<\/a><\/p><\/div><div class=\"price-wrapper\">\n\t<span class=\"price\"><span class=\"woocommerce-Price-amount amount\"><bdi>0,00<span class=\"woocommerce-Price-currencySymbol\">&euro;<\/span><\/bdi><\/span><\/span>\n<\/div>\t\t<\/div>\n\t<\/div>\n\t\t<\/div>\n<\/div><div class=\"product-small col has-hover product type-product post-72093 status-publish instock product_cat-acciaio-inossidabile product_cat-barre-abbattibile product_cat-maniglie-di-supporto-ed-aiuti-tecnici-per-la-mobilita has-post-thumbnail purchasable product-type-variable\">\n\t<div class=\"col-inner\">\n\t\n<div class=\"badge-container absolute left top z-1\">\n\n<\/div>\n\t<div class=\"product-small box \">\n\t\t<div class=\"box-image\">\n\t\t\t<div class=\"image-fade_in_back\">\n\t\t\t\t<a href=\"https:\/\/simex.es\/it\/maniglie-abbattibile\/\">\n\t\t\t\t\t<img loading=\"lazy\" decoding=\"async\" width=\"247\" height=\"296\" src=\"https:\/\/simex.es\/wp-content\/uploads\/2017\/12\/simex_barra_de_ayuda_abatible_giro_vertical-06-300x300-1-247x296.webp\" class=\"attachment-woocommerce_thumbnail size-woocommerce_thumbnail\" alt=\"Barra abbattibili\" \/><img loading=\"lazy\" decoding=\"async\" width=\"247\" height=\"296\" src=\"https:\/\/simex.es\/wp-content\/uploads\/2020\/09\/simex_barra_de_ayuda_abatible_giro_vertical_inox_brillante-247x296.jpg\" class=\"show-on-hover absolute fill hide-for-small back-image\" alt=\"Alternative view of Barra abbattibili\" aria-hidden=\"true\" \/>\t\t\t\t<\/a>\n\t\t\t<\/div>\n\t\t\t<div class=\"image-tools is-small top right show-on-hover\">\n\t\t\t\t\t\t\t<\/div>\n\t\t\t<div class=\"image-tools is-small hide-for-small bottom left show-on-hover\">\n\t\t\t\t\t\t\t<\/div>\n\t\t\t<div class=\"image-tools grid-tools text-center hide-for-small bottom hover-slide-in show-on-hover\">\n\t\t\t\t\t\t\t<\/div>\n\t\t\t\t\t<\/div>\n\n\t\t<div class=\"box-text box-text-products\">\n\t\t\t<div class=\"title-wrapper\">\t\t<p class=\"category uppercase is-smaller no-text-overflow product-cat op-8\">\n\t\t\tAcciaio inossidabile\t\t<\/p>\n\t<p class=\"name product-title woocommerce-loop-product__title\"><a href=\"https:\/\/simex.es\/it\/maniglie-abbattibile\/\" class=\"woocommerce-LoopProduct-link woocommerce-loop-product__link\">Barra abbattibili<\/a><\/p><\/div><div class=\"price-wrapper\">\n\t<span class=\"price\"><span class=\"woocommerce-Price-amount amount\"><bdi>0,00<span class=\"woocommerce-Price-currencySymbol\">&euro;<\/span><\/bdi><\/span><\/span>\n<\/div>\t\t<\/div>\n\t<\/div>\n\t\t<\/div>\n<\/div><div class=\"product-small col has-hover product type-product post-72120 status-publish last instock product_cat-acciaio-inossidabile product_cat-barre-abbattibile product_cat-maniglie-di-supporto-ed-aiuti-tecnici-per-la-mobilita has-post-thumbnail purchasable product-type-variable\">\n\t<div class=\"col-inner\">\n\t\n<div class=\"badge-container absolute left top z-1\">\n\n<\/div>\n\t<div class=\"product-small box \">\n\t\t<div class=\"box-image\">\n\t\t\t<div class=\"image-fade_in_back\">\n\t\t\t\t<a href=\"https:\/\/simex.es\/it\/barra-abbattibile-verticalmente-e-sistema-di-freno-progressivo-integrato\/\">\n\t\t\t\t\t<img loading=\"lazy\" decoding=\"async\" width=\"247\" height=\"296\" src=\"https:\/\/simex.es\/wp-content\/uploads\/2017\/12\/simex_barra_de_ayuda_abatible_giro_vertical_anclaje_seguridad-247x296.webp\" class=\"attachment-woocommerce_thumbnail size-woocommerce_thumbnail\" alt=\"Barra abbattibile con piede\" \/><img loading=\"lazy\" decoding=\"async\" width=\"247\" height=\"296\" src=\"https:\/\/simex.es\/wp-content\/uploads\/2017\/12\/simex_barra_de_ayuda_abatible_giro_vertical_anclaje_seguridad_nylon_blanco-247x296.jpg\" class=\"show-on-hover absolute fill hide-for-small back-image\" alt=\"Alternative view of Barra abbattibile con piede\" aria-hidden=\"true\" \/>\t\t\t\t<\/a>\n\t\t\t<\/div>\n\t\t\t<div class=\"image-tools is-small top right show-on-hover\">\n\t\t\t\t\t\t\t<\/div>\n\t\t\t<div class=\"image-tools is-small hide-for-small bottom left show-on-hover\">\n\t\t\t\t\t\t\t<\/div>\n\t\t\t<div class=\"image-tools grid-tools text-center hide-for-small bottom hover-slide-in show-on-hover\">\n\t\t\t\t\t\t\t<\/div>\n\t\t\t\t\t<\/div>\n\n\t\t<div class=\"box-text box-text-products\">\n\t\t\t<div class=\"title-wrapper\">\t\t<p class=\"category uppercase is-smaller no-text-overflow product-cat op-8\">\n\t\t\tAcciaio inossidabile\t\t<\/p>\n\t<p class=\"name product-title woocommerce-loop-product__title\"><a href=\"https:\/\/simex.es\/it\/barra-abbattibile-verticalmente-e-sistema-di-freno-progressivo-integrato\/\" class=\"woocommerce-LoopProduct-link woocommerce-loop-product__link\">Barra abbattibile con piede<\/a><\/p><\/div><div class=\"price-wrapper\">\n\t<span class=\"price\"><span class=\"woocommerce-Price-amount amount\"><bdi>0,00<span class=\"woocommerce-Price-currencySymbol\">&euro;<\/span><\/bdi><\/span><\/span>\n<\/div>\t\t<\/div>\n\t<\/div>\n\t\t<\/div>\n<\/div><div class=\"product-small col has-hover product type-product post-72078 status-publish first instock product_cat-acciaio-inossidabile product_cat-barre-abbattibile product_cat-maniglie-di-supporto-ed-aiuti-tecnici-per-la-mobilita product_tag-relacionado-02033-it has-post-thumbnail purchasable product-type-simple\">\n\t<div class=\"col-inner\">\n\t\n<div class=\"badge-container absolute left top z-1\">\n\n<\/div>\n\t<div class=\"product-small box \">\n\t\t<div class=\"box-image\">\n\t\t\t<div class=\"image-fade_in_back\">\n\t\t\t\t<a href=\"https:\/\/simex.es\/it\/maniglia-abbattibile-orizzontalmente\/\">\n\t\t\t\t\t<img loading=\"lazy\" decoding=\"async\" width=\"247\" height=\"296\" src=\"https:\/\/simex.es\/wp-content\/uploads\/2017\/12\/simex_barra_abatible_giro_horizontal_inox_satinado-07-247x296.webp\" class=\"attachment-woocommerce_thumbnail size-woocommerce_thumbnail\" alt=\"Barra abbattibile orizzontalmente con piede\" \/>\t\t\t\t<\/a>\n\t\t\t<\/div>\n\t\t\t<div class=\"image-tools is-small top right show-on-hover\">\n\t\t\t\t\t\t\t<\/div>\n\t\t\t<div class=\"image-tools is-small hide-for-small bottom left show-on-hover\">\n\t\t\t\t\t\t\t<\/div>\n\t\t\t<div class=\"image-tools grid-tools text-center hide-for-small bottom hover-slide-in show-on-hover\">\n\t\t\t\t\t\t\t<\/div>\n\t\t\t\t\t<\/div>\n\n\t\t<div class=\"box-text box-text-products\">\n\t\t\t<div class=\"title-wrapper\">\t\t<p class=\"category uppercase is-smaller no-text-overflow product-cat op-8\">\n\t\t\tAcciaio inossidabile\t\t<\/p>\n\t<p class=\"name product-title woocommerce-loop-product__title\"><a href=\"https:\/\/simex.es\/it\/maniglia-abbattibile-orizzontalmente\/\" class=\"woocommerce-LoopProduct-link woocommerce-loop-product__link\">Barra abbattibile orizzontalmente con piede<\/a><\/p><\/div><div class=\"price-wrapper\">\n\t<span class=\"price\"><span class=\"woocommerce-Price-amount amount\"><bdi>0,00<span class=\"woocommerce-Price-currencySymbol\">&euro;<\/span><\/bdi><\/span><\/span>\n<\/div>\t\t<\/div>\n\t<\/div>\n\t\t<\/div>\n<\/div><div class=\"product-small col has-hover product type-product post-65134 status-publish instock product_cat-alluminio-nylon product_cat-barre-abbattibile product_cat-maniglie-di-supporto-ed-aiuti-tecnici-per-la-mobilita has-post-thumbnail product-type-simple\">\n\t<div class=\"col-inner\">\n\t\n<div class=\"badge-container absolute left top z-1\">\n\n<\/div>\n\t<div class=\"product-small box \">\n\t\t<div class=\"box-image\">\n\t\t\t<div class=\"image-fade_in_back\">\n\t\t\t\t<a href=\"https:\/\/simex.es\/it\/barra-abatible-nylon\/\">\n\t\t\t\t\t<img loading=\"lazy\" decoding=\"async\" width=\"247\" height=\"296\" src=\"https:\/\/simex.es\/wp-content\/uploads\/2017\/12\/simex_barra_de_ayuda_abatible_giro_vertical_aluminio_nylon-blanco-247x296.webp\" class=\"attachment-woocommerce_thumbnail size-woocommerce_thumbnail\" alt=\"Barra abbattibili\" \/>\t\t\t\t<\/a>\n\t\t\t<\/div>\n\t\t\t<div class=\"image-tools is-small top right show-on-hover\">\n\t\t\t\t\t\t\t<\/div>\n\t\t\t<div class=\"image-tools is-small hide-for-small bottom left show-on-hover\">\n\t\t\t\t\t\t\t<\/div>\n\t\t\t<div class=\"image-tools grid-tools text-center hide-for-small bottom hover-slide-in show-on-hover\">\n\t\t\t\t\t\t\t<\/div>\n\t\t\t\t\t<\/div>\n\n\t\t<div class=\"box-text box-text-products\">\n\t\t\t<div class=\"title-wrapper\">\t\t<p class=\"category uppercase is-smaller no-text-overflow product-cat op-8\">\n\t\t\tAlluminio Nylon\t\t<\/p>\n\t<p class=\"name product-title woocommerce-loop-product__title\"><a href=\"https:\/\/simex.es\/it\/barra-abatible-nylon\/\" class=\"woocommerce-LoopProduct-link woocommerce-loop-product__link\">Barra abbattibili<\/a><\/p><\/div><div class=\"price-wrapper\">\n<\/div>\t\t<\/div>\n\t<\/div>\n\t\t<\/div>\n<\/div><div class=\"product-small col has-hover product type-product post-65122 status-publish last instock product_cat-alluminio-nylon product_cat-barre-abbattibile product_cat-maniglie-di-supporto-ed-aiuti-tecnici-per-la-mobilita product_tag-relacionado-02033-it has-post-thumbnail product-type-simple\">\n\t<div class=\"col-inner\">\n\t\n<div class=\"badge-container absolute left top z-1\">\n\n<\/div>\n\t<div class=\"product-small box \">\n\t\t<div class=\"box-image\">\n\t\t\t<div class=\"image-fade_in_back\">\n\t\t\t\t<a href=\"https:\/\/simex.es\/it\/barra-per-disabili-ribaltabile\/\">\n\t\t\t\t\t<img loading=\"lazy\" decoding=\"async\" width=\"247\" height=\"296\" src=\"https:\/\/simex.es\/wp-content\/uploads\/2017\/12\/simex_barra_de_ayuda_abatible_giro_vertical_anclaje_seguridad_aluminio_nylon_blanco-247x296.webp\" class=\"attachment-woocommerce_thumbnail size-woocommerce_thumbnail\" alt=\"Barra abbattibile con piede\" \/>\t\t\t\t<\/a>\n\t\t\t<\/div>\n\t\t\t<div class=\"image-tools is-small top right show-on-hover\">\n\t\t\t\t\t\t\t<\/div>\n\t\t\t<div class=\"image-tools is-small hide-for-small bottom left show-on-hover\">\n\t\t\t\t\t\t\t<\/div>\n\t\t\t<div class=\"image-tools grid-tools text-center hide-for-small bottom hover-slide-in show-on-hover\">\n\t\t\t\t\t\t\t<\/div>\n\t\t\t\t\t<\/div>\n\n\t\t<div class=\"box-text box-text-products\">\n\t\t\t<div class=\"title-wrapper\">\t\t<p class=\"category uppercase is-smaller no-text-overflow product-cat op-8\">\n\t\t\tAlluminio Nylon\t\t<\/p>\n\t<p class=\"name product-title woocommerce-loop-product__title\"><a href=\"https:\/\/simex.es\/it\/barra-per-disabili-ribaltabile\/\" class=\"woocommerce-LoopProduct-link woocommerce-loop-product__link\">Barra abbattibile con piede<\/a><\/p><\/div><div class=\"price-wrapper\">\n<\/div>\t\t<\/div>\n\t<\/div>\n\t\t<\/div>\n<\/div><\/div>\n<h3><strong>Meccanismi e accessori<\/strong><\/h3>\n<ul>\n<li><strong>Meccanismi di risciacquo<\/strong> a pressione o a leva con pulsanti di ampia superficie.<\/li>\n<li><strong>Rubinetti automatici<\/strong> dotati di sistema di rilevamento della presenza o rubinetti manuali monocomando con leva allungata di tipo gerontologico.<\/li>\n<li><strong>Specchio:<\/strong> posizionato a un&#8217;altezza inferiore rispetto al resto e inclinabile in avanti.<\/li>\n<\/ul>\n\t\n  \n    <div class=\"row large-columns-4 medium-columns-3 small-columns-2 row-small has-shadow row-box-shadow-1 row-box-shadow-3-hover slider row-slider slider-nav-reveal slider-nav-push\"  data-flickity-options='{&quot;imagesLoaded&quot;: true, &quot;groupCells&quot;: &quot;100%&quot;, &quot;dragThreshold&quot; : 5, &quot;cellAlign&quot;: &quot;left&quot;,&quot;wrapAround&quot;: true,&quot;prevNextButtons&quot;: true,&quot;percentPosition&quot;: true,&quot;pageDots&quot;: false, &quot;rightToLeft&quot;: false, &quot;autoPlay&quot; : false}' >\n\n  \n\t     <div class=\"product-small col has-hover product type-product post-92560 status-publish first instock product_cat-aiuti-tecnici product_cat-specchi-con-cornice has-post-thumbnail shipping-taxable purchasable product-type-variable\">\n\t<div class=\"col-inner\">\n\t\n<div class=\"badge-container absolute left top z-1\">\n\n<\/div>\n\t<div class=\"product-small box \">\n\t\t<div class=\"box-image\">\n\t\t\t<div class=\"image-fade_in_back\">\n\t\t\t\t<a href=\"https:\/\/simex.es\/it\/specchio-con-cornice-800-x-600\/\">\n\t\t\t\t\t<img loading=\"lazy\" decoding=\"async\" width=\"247\" height=\"296\" src=\"https:\/\/simex.es\/wp-content\/uploads\/2020\/11\/espejo_con_marco_acero_inox_800_600-300x300-1-247x296.webp\" class=\"attachment-woocommerce_thumbnail size-woocommerce_thumbnail\" alt=\"SPECCHIO CON CORNICE 800 x 600\" \/><img loading=\"lazy\" decoding=\"async\" width=\"247\" height=\"296\" src=\"https:\/\/simex.es\/wp-content\/uploads\/2020\/11\/espejo_con_marco_acero_epoxi_blanco_800_600-247x296.jpg\" class=\"show-on-hover absolute fill hide-for-small back-image\" alt=\"Alternative view of SPECCHIO CON CORNICE 800 x 600\" aria-hidden=\"true\" \/>\t\t\t\t<\/a>\n\t\t\t<\/div>\n\t\t\t<div class=\"image-tools is-small top right show-on-hover\">\n\t\t\t\t\t\t\t<\/div>\n\t\t\t<div class=\"image-tools is-small hide-for-small bottom left show-on-hover\">\n\t\t\t\t\t\t\t<\/div>\n\t\t\t<div class=\"image-tools grid-tools text-center hide-for-small bottom hover-slide-in show-on-hover\">\n\t\t\t\t\t\t\t<\/div>\n\t\t\t\t\t<\/div>\n\n\t\t<div class=\"box-text box-text-products\">\n\t\t\t<div class=\"title-wrapper\">\t\t<p class=\"category uppercase is-smaller no-text-overflow product-cat op-8\">\n\t\t\tAIUTI TECNICI\t\t<\/p>\n\t<p class=\"name product-title woocommerce-loop-product__title\"><a href=\"https:\/\/simex.es\/it\/specchio-con-cornice-800-x-600\/\" class=\"woocommerce-LoopProduct-link woocommerce-loop-product__link\">SPECCHIO CON CORNICE 800 x 600<\/a><\/p><\/div><div class=\"price-wrapper\">\n\t<span class=\"price\"><span class=\"woocommerce-Price-amount amount\"><bdi>0,00<span class=\"woocommerce-Price-currencySymbol\">&euro;<\/span><\/bdi><\/span><\/span>\n<\/div>\t\t<\/div>\n\t<\/div>\n\t\t<\/div>\n<\/div><div class=\"product-small col has-hover product type-product post-92534 status-publish instock product_cat-aiuti-tecnici product_cat-specchi-con-cornice has-post-thumbnail shipping-taxable purchasable product-type-variable\">\n\t<div class=\"col-inner\">\n\t\n<div class=\"badge-container absolute left top z-1\">\n\n<\/div>\n\t<div class=\"product-small box \">\n\t\t<div class=\"box-image\">\n\t\t\t<div class=\"image-fade_in_back\">\n\t\t\t\t<a href=\"https:\/\/simex.es\/it\/specchio-con-cornice-700-x-500\/\">\n\t\t\t\t\t<img loading=\"lazy\" decoding=\"async\" width=\"247\" height=\"296\" src=\"https:\/\/simex.es\/wp-content\/uploads\/2020\/11\/espejo_con_marco_acero_inox_700_500-01-300x300-1-247x296.webp\" class=\"attachment-woocommerce_thumbnail size-woocommerce_thumbnail\" alt=\"SPECCHIO CON CORNICE 700 x 500\" \/><img loading=\"lazy\" decoding=\"async\" width=\"247\" height=\"296\" src=\"https:\/\/simex.es\/wp-content\/uploads\/2020\/11\/espejo_con_marco_acero_inox_700_500-01-247x296.jpg\" class=\"show-on-hover absolute fill hide-for-small back-image\" alt=\"Alternative view of SPECCHIO CON CORNICE 700 x 500\" aria-hidden=\"true\" \/>\t\t\t\t<\/a>\n\t\t\t<\/div>\n\t\t\t<div class=\"image-tools is-small top right show-on-hover\">\n\t\t\t\t\t\t\t<\/div>\n\t\t\t<div class=\"image-tools is-small hide-for-small bottom left show-on-hover\">\n\t\t\t\t\t\t\t<\/div>\n\t\t\t<div class=\"image-tools grid-tools text-center hide-for-small bottom hover-slide-in show-on-hover\">\n\t\t\t\t\t\t\t<\/div>\n\t\t\t\t\t<\/div>\n\n\t\t<div class=\"box-text box-text-products\">\n\t\t\t<div class=\"title-wrapper\">\t\t<p class=\"category uppercase is-smaller no-text-overflow product-cat op-8\">\n\t\t\tAIUTI TECNICI\t\t<\/p>\n\t<p class=\"name product-title woocommerce-loop-product__title\"><a href=\"https:\/\/simex.es\/it\/specchio-con-cornice-700-x-500\/\" class=\"woocommerce-LoopProduct-link woocommerce-loop-product__link\">SPECCHIO CON CORNICE 700 x 500<\/a><\/p><\/div><div class=\"price-wrapper\">\n\t<span class=\"price\"><span class=\"woocommerce-Price-amount amount\"><bdi>0,00<span class=\"woocommerce-Price-currencySymbol\">&euro;<\/span><\/bdi><\/span><\/span>\n<\/div>\t\t<\/div>\n\t<\/div>\n\t\t<\/div>\n<\/div><div class=\"product-small col has-hover product type-product post-92504 status-publish last instock product_cat-aiuti-tecnici product_cat-specchi-con-cornice has-post-thumbnail shipping-taxable purchasable product-type-variable\">\n\t<div class=\"col-inner\">\n\t\n<div class=\"badge-container absolute left top z-1\">\n\n<\/div>\n\t<div class=\"product-small box \">\n\t\t<div class=\"box-image\">\n\t\t\t<div class=\"image-fade_in_back\">\n\t\t\t\t<a href=\"https:\/\/simex.es\/it\/kit-inclinazione-specchio-con-cornice-800-x-600\/\">\n\t\t\t\t\t<img loading=\"lazy\" decoding=\"async\" width=\"247\" height=\"296\" src=\"https:\/\/simex.es\/wp-content\/uploads\/2020\/11\/kit_reclinar_espejos_con_marco_-satinado_simex-300x300-1-247x296.webp\" class=\"attachment-woocommerce_thumbnail size-woocommerce_thumbnail\" alt=\"KIT INCLINAZIONE SPECCHIO CON CORNICE 800 x 600\" \/><img loading=\"lazy\" decoding=\"async\" width=\"247\" height=\"296\" src=\"https:\/\/simex.es\/wp-content\/uploads\/2020\/11\/kit_reclinar_espejos_con_marco_epoxi_blanco_simex-247x296.jpg\" class=\"show-on-hover absolute fill hide-for-small back-image\" alt=\"Alternative view of KIT INCLINAZIONE SPECCHIO CON CORNICE 800 x 600\" aria-hidden=\"true\" \/>\t\t\t\t<\/a>\n\t\t\t<\/div>\n\t\t\t<div class=\"image-tools is-small top right show-on-hover\">\n\t\t\t\t\t\t\t<\/div>\n\t\t\t<div class=\"image-tools is-small hide-for-small bottom left show-on-hover\">\n\t\t\t\t\t\t\t<\/div>\n\t\t\t<div class=\"image-tools grid-tools text-center hide-for-small bottom hover-slide-in show-on-hover\">\n\t\t\t\t\t\t\t<\/div>\n\t\t\t\t\t<\/div>\n\n\t\t<div class=\"box-text box-text-products\">\n\t\t\t<div class=\"title-wrapper\">\t\t<p class=\"category uppercase is-smaller no-text-overflow product-cat op-8\">\n\t\t\tAIUTI TECNICI\t\t<\/p>\n\t<p class=\"name product-title woocommerce-loop-product__title\"><a href=\"https:\/\/simex.es\/it\/kit-inclinazione-specchio-con-cornice-800-x-600\/\" class=\"woocommerce-LoopProduct-link woocommerce-loop-product__link\">KIT INCLINAZIONE SPECCHIO CON CORNICE 800 x 600<\/a><\/p><\/div><div class=\"price-wrapper\">\n\t<span class=\"price\"><span class=\"woocommerce-Price-amount amount\"><bdi>0,00<span class=\"woocommerce-Price-currencySymbol\">&euro;<\/span><\/bdi><\/span><\/span>\n<\/div>\t\t<\/div>\n\t<\/div>\n\t\t<\/div>\n<\/div><div class=\"product-small col has-hover product type-product post-92479 status-publish first instock product_cat-aiuti-tecnici product_cat-specchi-con-cornice has-post-thumbnail shipping-taxable purchasable product-type-variable\">\n\t<div class=\"col-inner\">\n\t\n<div class=\"badge-container absolute left top z-1\">\n\n<\/div>\n\t<div class=\"product-small box \">\n\t\t<div class=\"box-image\">\n\t\t\t<div class=\"image-fade_in_back\">\n\t\t\t\t<a href=\"https:\/\/simex.es\/it\/kit-inclinazione-specchio-con-cornice-700-x-500\/\">\n\t\t\t\t\t<img loading=\"lazy\" decoding=\"async\" width=\"247\" height=\"296\" src=\"https:\/\/simex.es\/wp-content\/uploads\/2020\/11\/kit_reclinar_espejos_con_marco_-satinado_simex-300x300-1-247x296.webp\" class=\"attachment-woocommerce_thumbnail size-woocommerce_thumbnail\" alt=\"KIT INCLINAZIONE SPECCHIO CON CORNICE 700 x 500\" \/><img loading=\"lazy\" decoding=\"async\" width=\"247\" height=\"296\" src=\"https:\/\/simex.es\/wp-content\/uploads\/2020\/11\/kit_reclinar_espejos_con_marco_epoxi_blanco_simex-247x296.jpg\" class=\"show-on-hover absolute fill hide-for-small back-image\" alt=\"Alternative view of KIT INCLINAZIONE SPECCHIO CON CORNICE 700 x 500\" aria-hidden=\"true\" \/>\t\t\t\t<\/a>\n\t\t\t<\/div>\n\t\t\t<div class=\"image-tools is-small top right show-on-hover\">\n\t\t\t\t\t\t\t<\/div>\n\t\t\t<div class=\"image-tools is-small hide-for-small bottom left show-on-hover\">\n\t\t\t\t\t\t\t<\/div>\n\t\t\t<div class=\"image-tools grid-tools text-center hide-for-small bottom hover-slide-in show-on-hover\">\n\t\t\t\t\t\t\t<\/div>\n\t\t\t\t\t<\/div>\n\n\t\t<div class=\"box-text box-text-products\">\n\t\t\t<div class=\"title-wrapper\">\t\t<p class=\"category uppercase is-smaller no-text-overflow product-cat op-8\">\n\t\t\tAIUTI TECNICI\t\t<\/p>\n\t<p class=\"name product-title woocommerce-loop-product__title\"><a href=\"https:\/\/simex.es\/it\/kit-inclinazione-specchio-con-cornice-700-x-500\/\" class=\"woocommerce-LoopProduct-link woocommerce-loop-product__link\">KIT INCLINAZIONE SPECCHIO CON CORNICE 700 x 500<\/a><\/p><\/div><div class=\"price-wrapper\">\n\t<span class=\"price\"><span class=\"woocommerce-Price-amount amount\"><bdi>0,00<span class=\"woocommerce-Price-currencySymbol\">&euro;<\/span><\/bdi><\/span><\/span>\n<\/div>\t\t<\/div>\n\t<\/div>\n\t\t<\/div>\n<\/div><\/div>\n<h2><strong>Abbiamo tutto il necessario per attrezzare un bagno adattato.<\/strong><\/h2>\n<p><a href=\"https:\/\/simex.es\/it\/\">Simex<\/a> dispone di un&#8217;ampia gamma di prodotti per l&#8217;allestimento di bagni adattati a persone con mobilit\u00e0 ridotta. Una delle nostre proposte \u00e8 la <a href=\"https:\/\/simex.es\/it\/solucion-trevi\/\">soluzione Trevi<\/a>, con prodotti realizzati in acciaio inox ad alta resistenza e rivestiti con vernice epossidica bianca. Vi offriamo anche la soluzione Alhambra per un bagno adattato, con prodotti in acciaio inox ad alta resistenza con finitura satinata.<\/p>\n<p>Entrambe le soluzioni sono facili da usare e da installare, e tutto \u00e8 approvato secondo le normative vigenti. Tra i prodotti che offriamo per i bagni adattati ci sono:<span style=\"color: #ff5100;\"> <a style=\"color: #ff5100;\" href=\"https:\/\/simex.es\/it\/ayudas-tecnicas\/asientos-de-ducha\/\">sedie per doccia<\/a>, <a style=\"color: #ff5100;\" href=\"https:\/\/simex.es\/it\/ayudas-tecnicas\/espejos-con-marco\/\">specchi reclinabili<\/a>, <a style=\"color: #ff5100;\" href=\"https:\/\/simex.es\/fr\/ayudas-tecnicas\/conjuntos-de-lavamanos\/\">set di lavabi<\/a>, <a style=\"color: #ff5100;\" href=\"https:\/\/simex.es\/it\/barras-de-acero-inoxidable-y-ayudas-tecnicas\/\">maniglioni e toilette.<\/a><\/span><\/p>\n<p>Potete anche consultare il catalogo completo degli<span style=\"color: #ff5100;\"> <a style=\"color: #ff5100;\" href=\"https:\/\/simex.es\/it\/ayudas-tecnicas\/\">ausili tecnici<\/a><\/span> e dei <span style=\"color: #ff5100;\"><a style=\"color: #ff5100;\" href=\"https:\/\/simex.es\/it\/barras-de-acero-inoxidable-y-ayudas-tecnicas\/\">maniglioni qui.<\/a><\/span><\/p>\n<h2><strong>Altri articoli di questo <a href=\"https:\/\/simex.es\/it\/blog\/\"><span style=\"color: #ff5100;\">blog<\/span><\/a> sui bagni adattati<\/strong><\/h2>\n<p>In Simex siamo totalmente impegnati sul fronte dell&#8217;accessibilit\u00e0, ed \u00e8 per questo che abbiamo gi\u00e0 dedicato a questo tema altre due pubblicazioni in questo blog.<\/p>\n<p>Da un lato, il 14 giugno 2022 abbiamo pubblicato<span style=\"color: #ff5100;\"> <a style=\"color: #ff5100;\" href=\"https:\/\/simex.es\/fr\/como-hacer-del-bano-un-espacio-accesible\/\">&#8220;Come rendere il bagno uno spazio accessibile&#8221;<\/a><\/span>, dove abbiamo evidenziato i seguenti elementi che garantiscono l&#8217;accessibilit\u00e0: segnaletica, accesso, dimensioni interne, pavimentazione e contrasto cromatico.\u00a0 Inoltre, abbiamo anche spiegato quali sono le attrezzature sanitarie di ausilio tecnico alla mobilit\u00e0: doccia, vasca da bagno, wc, maniglioni, lavabo, specchio, accessori e illuminazione.<\/p>\n<p>Il 5 ottobre 2022, invece, abbiamo pubblicato<span style=\"color: #ff5100;\"><a style=\"color: #ff5100;\" href=\"https:\/\/simex.es\/it\/ayudas-a-la-movilidad-en-el-bano\/\"> &#8220;Ausili alla mobilit\u00e0 in bagno&#8221;<\/a>,<\/span> dove abbiamo parlato diffusamente dei diversi tipi di ausili alla mobilit\u00e0 esistenti: maniglioni, lavabi, specchi con cornici reclinabili e sedili per doccia.<\/p>\n<h2><strong>Contattateci <\/strong><\/h2>\n<p>Se desiderate effettuare un ordine, se avete domande o se avete bisogno di ulteriori informazioni su uno qualsiasi dei nostri prodotti, <span style=\"color: #ff5100;\"><a style=\"color: #ff5100;\" href=\"https:\/\/simex.es\/it\/contacto\/\">contattateci,<\/a><\/span> saremo lieti di sentirvi!<\/p>\n","protected":false},"excerpt":{"rendered":"<p>In generale, e a seconda della legislazione di ciascun Paese, ogni volta che sono necessari servizi igienici o spogliatoi, deve essere presente almeno un servizio igienico accessibile ogni 10 unit\u00e0 o frazione di servizi igienici installati, che possono essere condivisi da entrambi i sessi. Servizi igienici adattati per uso pubblico situati in locali di piccole [&#8230;]\n","protected":false},"author":5,"featured_media":173391,"comment_status":"closed","ping_status":"open","sticky":false,"template":"","format":"standard","meta":{"footnotes":""},"categories":[1381],"tags":[],"class_list":["post-195092","post","type-post","status-publish","format-standard","has-post-thumbnail","hentry","category-accessibilita"],"_links":{"self":[{"href":"https:\/\/simex.es\/it\/wp-json\/wp\/v2\/posts\/195092","targetHints":{"allow":["GET"]}}],"collection":[{"href":"https:\/\/simex.es\/it\/wp-json\/wp\/v2\/posts"}],"about":[{"href":"https:\/\/simex.es\/it\/wp-json\/wp\/v2\/types\/post"}],"author":[{"embeddable":true,"href":"https:\/\/simex.es\/it\/wp-json\/wp\/v2\/users\/5"}],"replies":[{"embeddable":true,"href":"https:\/\/simex.es\/it\/wp-json\/wp\/v2\/comments?post=195092"}],"version-history":[{"count":0,"href":"https:\/\/simex.es\/it\/wp-json\/wp\/v2\/posts\/195092\/revisions"}],"wp:featuredmedia":[{"embeddable":true,"href":"https:\/\/simex.es\/it\/wp-json\/wp\/v2\/media\/173391"}],"wp:attachment":[{"href":"https:\/\/simex.es\/it\/wp-json\/wp\/v2\/media?parent=195092"}],"wp:term":[{"taxonomy":"category","embeddable":true,"href":"https:\/\/simex.es\/it\/wp-json\/wp\/v2\/categories?post=195092"},{"taxonomy":"post_tag","embeddable":true,"href":"https:\/\/simex.es\/it\/wp-json\/wp\/v2\/tags?post=195092"}],"curies":[{"name":"wp","href":"https:\/\/api.w.org\/{rel}","templated":true}]}}