{"id":112138,"date":"2019-10-02T08:39:49","date_gmt":"2019-10-02T08:39:49","guid":{"rendered":"https:\/\/simex.es\/preparados-para-nuestra-participacion-en-interihotel\/"},"modified":"2021-04-28T11:50:18","modified_gmt":"2021-04-28T09:50:18","slug":"preparati-per-la-nostra-partecipazione-a-interihotel","status":"publish","type":"post","link":"https:\/\/simex.es\/it\/preparati-per-la-nostra-partecipazione-a-interihotel\/","title":{"rendered":"Preparati per la nostra partecipazione a Interihotel"},"content":{"rendered":"<p>Nell&#8217;ambito della strategia aziendale che seguiamo in Simex, abbiamo praticamente tutto pronto per la nostra partecipazione, il prossimo novembre, a una nuova e rinomata fiera di settore: InterioHotel.<\/p>\n<p>Si svolger\u00e0 a Barcellona, \u200b\u200bda<strong> mercoled\u00ec 20 a venerd\u00ec 22,<\/strong> presso il Centro Internazionale degli Convegni, e sar\u00e0 un&#8217;ottima occasione per aprirci a tutti i professionisti del settore dell&#8217;interior design. Profili comuni nel mercato alberghiero <em>e hospitality <\/em>, con progetti di riforme o di nuova costruzione.<\/p>\n<h2><strong>Oportunit\u00e0 di riconoscimiento<\/strong><\/h2>\n<p>InteriHotel accoglier\u00e0 visitatori internazionali, espositori e relatori da ogni angolo del pianeta. Per noi sar\u00e0 una cornice ideale per presentare gli <strong>ultimi sviluppi delle nostre gamme di prodotti,<\/strong> tutti in linea con le principali tendenze del mercato.<\/p>\n<p>Un evento in cui si incontreranno <strong>architetti, studi professionali, interior designer, installatori e appaltatori,<\/strong> \u00e8 un&#8217;opportunit\u00e0 senza pari per l&#8217;intero team Simex di ottenere riconoscimento e mostrare gli ingranaggi dietro la nostra azienda. Guadagnare quote di mercato in collaborazione con associazioni professionali compatibili al 100% con la nostra attivit\u00e0 e i nostri servizi.<\/p>\n<h3><strong>Stand e posizione<\/strong><\/h3>\n<p>Il nostro stand a InteriHotel sar\u00e0 <strong>C26<\/strong> e sar\u00e0 diverso da quello che, ad esempio, abbiamo mostrato nella nostra ultima partecipazione internazionale lo scorso anno all&#8217;EquipHotel di Parigi. Ci adattiamo al tipo di visitatore che InteriHotel \u00e8 abituato a ricevere.<\/p>\n<p>Vi <strong>informeremo tempestivamente<\/strong> tramite il nostro RRSS di tutto ci\u00f2 che riguarda l&#8217;evento e le novit\u00e0 che presenteremo.<\/p>\n<p>Vi aspettiamo numerosi!<\/p>\n","protected":false},"excerpt":{"rendered":"<p>Nell&#8217;ambito della strategia aziendale che seguiamo in Simex, abbiamo praticamente tutto pronto per la nostra partecipazione, il prossimo novembre, a una nuova e rinomata fiera di settore: InterioHotel. Si svolger\u00e0 a Barcellona, \u200b\u200bda mercoled\u00ec 20 a venerd\u00ec 22, presso il Centro Internazionale degli Convegni, e sar\u00e0 un&#8217;ottima occasione per aprirci a tutti i professionisti del [&#8230;]\n","protected":false},"author":5,"featured_media":81649,"comment_status":"open","ping_status":"open","sticky":false,"template":"","format":"standard","meta":{"footnotes":""},"categories":[1383,1,1388],"tags":[],"class_list":["post-112138","post","type-post","status-publish","format-standard","has-post-thumbnail","hentry","category-fiere","category-sin-categorizar","category-simex-it"],"_links":{"self":[{"href":"https:\/\/simex.es\/it\/wp-json\/wp\/v2\/posts\/112138","targetHints":{"allow":["GET"]}}],"collection":[{"href":"https:\/\/simex.es\/it\/wp-json\/wp\/v2\/posts"}],"about":[{"href":"https:\/\/simex.es\/it\/wp-json\/wp\/v2\/types\/post"}],"author":[{"embeddable":true,"href":"https:\/\/simex.es\/it\/wp-json\/wp\/v2\/users\/5"}],"replies":[{"embeddable":true,"href":"https:\/\/simex.es\/it\/wp-json\/wp\/v2\/comments?post=112138"}],"version-history":[{"count":0,"href":"https:\/\/simex.es\/it\/wp-json\/wp\/v2\/posts\/112138\/revisions"}],"wp:featuredmedia":[{"embeddable":true,"href":"https:\/\/simex.es\/it\/wp-json\/wp\/v2\/media\/81649"}],"wp:attachment":[{"href":"https:\/\/simex.es\/it\/wp-json\/wp\/v2\/media?parent=112138"}],"wp:term":[{"taxonomy":"category","embeddable":true,"href":"https:\/\/simex.es\/it\/wp-json\/wp\/v2\/categories?post=112138"},{"taxonomy":"post_tag","embeddable":true,"href":"https:\/\/simex.es\/it\/wp-json\/wp\/v2\/tags?post=112138"}],"curies":[{"name":"wp","href":"https:\/\/api.w.org\/{rel}","templated":true}]}}