{"id":112123,"date":"2020-01-21T08:51:21","date_gmt":"2020-01-21T08:51:21","guid":{"rendered":"https:\/\/simex.es\/simex-en-cevisama-2020\/"},"modified":"2021-04-28T10:21:27","modified_gmt":"2021-04-28T08:21:27","slug":"simex-a-cevisama-2020","status":"publish","type":"post","link":"https:\/\/simex.es\/it\/simex-a-cevisama-2020\/","title":{"rendered":"Simex a Cevisama 2020"},"content":{"rendered":"<p>Il prossimo febbraio, <strong>a Valenzia, Cevisama ospiter\u00e0 professionisti provenienti da oltre 140 paesi.<\/strong> Un evento di riferimento con una lunga storia nel settore della ceramica e dell&#8217;attrezzatura per il bagno, tra altro. Cevisama diventa cos\u00ec una cornice perfetta per <strong>Simex,<\/strong> dove esporr\u00e0 le <strong>ultime novit\u00e0 e tendenze delle attrezzature per collettivit\u00e0.<\/strong><\/p>\n<h3><strong>Stand e posizione<\/strong><\/h3>\n<p>Con un elegante stand di 32 mq,<strong> Simex<\/strong>\u00a0 realizzer\u00e0 una esposizione rappresentativa di alcune delle sue categorie di prodotti. Asciugamani, dosatori di sapone e dispenser di carta della ultima moda di nuove finiture, ausili tecnici e le loro diverse versioni, le ultime tendenze degli accessori per il bagno, presentando la riuscita gamma Black e la gamma pi\u00f9 sofisticata del suo catalogo realizzata in ottone, Brass Premium.<\/p>\n<p>L&#8217;obiettivo della partecipazione di <strong>Simex<\/strong> a questa fiera \u00e8 consolidare e continuare ad crescere la propria presenza nel<strong> mercato nazionale ed internazionale.<\/strong><\/p>\n<p><strong>Non dimenticare di visitarci a Cevisama 2020, II piano &#8211; padiglione 6 &#8211; stand C105.<\/strong><\/p>\n<p><img loading=\"lazy\" decoding=\"async\" class=\"alignnone size-medium wp-image-82568\" src=\"https:\/\/simex.es\/wp-content\/uploads\/2020\/02\/Banner-Cevisama-300x46.png\" alt=\"\" width=\"300\" height=\"46\" \/><\/p>\n<p>&nbsp;<\/p>\n<p>&nbsp;<\/p>\n<p>&nbsp;<\/p>\n<p>&nbsp;<\/p>\n","protected":false},"excerpt":{"rendered":"<p>Il prossimo febbraio, a Valenzia, Cevisama ospiter\u00e0 professionisti provenienti da oltre 140 paesi. Un evento di riferimento con una lunga storia nel settore della ceramica e dell&#8217;attrezzatura per il bagno, tra altro. Cevisama diventa cos\u00ec una cornice perfetta per Simex, dove esporr\u00e0 le ultime novit\u00e0 e tendenze delle attrezzature per collettivit\u00e0. Stand e posizione Con [&#8230;]\n","protected":false},"author":5,"featured_media":82567,"comment_status":"open","ping_status":"open","sticky":false,"template":"","format":"standard","meta":{"footnotes":""},"categories":[1383,1,1388],"tags":[],"class_list":["post-112123","post","type-post","status-publish","format-standard","has-post-thumbnail","hentry","category-fiere","category-sin-categorizar","category-simex-it"],"_links":{"self":[{"href":"https:\/\/simex.es\/it\/wp-json\/wp\/v2\/posts\/112123","targetHints":{"allow":["GET"]}}],"collection":[{"href":"https:\/\/simex.es\/it\/wp-json\/wp\/v2\/posts"}],"about":[{"href":"https:\/\/simex.es\/it\/wp-json\/wp\/v2\/types\/post"}],"author":[{"embeddable":true,"href":"https:\/\/simex.es\/it\/wp-json\/wp\/v2\/users\/5"}],"replies":[{"embeddable":true,"href":"https:\/\/simex.es\/it\/wp-json\/wp\/v2\/comments?post=112123"}],"version-history":[{"count":0,"href":"https:\/\/simex.es\/it\/wp-json\/wp\/v2\/posts\/112123\/revisions"}],"wp:featuredmedia":[{"embeddable":true,"href":"https:\/\/simex.es\/it\/wp-json\/wp\/v2\/media\/82567"}],"wp:attachment":[{"href":"https:\/\/simex.es\/it\/wp-json\/wp\/v2\/media?parent=112123"}],"wp:term":[{"taxonomy":"category","embeddable":true,"href":"https:\/\/simex.es\/it\/wp-json\/wp\/v2\/categories?post=112123"},{"taxonomy":"post_tag","embeddable":true,"href":"https:\/\/simex.es\/it\/wp-json\/wp\/v2\/tags?post=112123"}],"curies":[{"name":"wp","href":"https:\/\/api.w.org\/{rel}","templated":true}]}}