{"id":450,"count":17,"description":"<h1>S\u00c8CHE-CHEVEUX POUR H\u00d4TELS<\/h1>\r\n<h2>Choisissez le type qui s'adapte le mieux \u00e0 vos besoins : avec ou sans support mural.<\/h2>\r\nDans chacun d'entre eux, vous trouverez toutes nos s\u00e9ries de <strong>s\u00e8che-cheveux pour h\u00f4tels,<\/strong> du plus classique au plus exclusif, le design propre \u00e0 Simex.","link":"https:\/\/simex.es\/fr\/seche-cheveux\/","name":"S\u00c8CHE-CHEVEUX","slug":"seche-cheveux","taxonomy":"product_cat","parent":0,"meta":[],"menu_order":15,"_links":{"self":[{"href":"https:\/\/simex.es\/fr\/wp-json\/wp\/v2\/product_cat\/450","targetHints":{"allow":["GET"]}}],"collection":[{"href":"https:\/\/simex.es\/fr\/wp-json\/wp\/v2\/product_cat"}],"about":[{"href":"https:\/\/simex.es\/fr\/wp-json\/wp\/v2\/taxonomies\/product_cat"}],"wp:post_type":[{"href":"https:\/\/simex.es\/fr\/wp-json\/wp\/v2\/product?product_cat=450"}],"curies":[{"name":"wp","href":"https:\/\/api.w.org\/{rel}","templated":true}]}}