{"id":80430,"date":"2019-05-07T09:25:05","date_gmt":"2019-05-07T09:25:05","guid":{"rendered":"https:\/\/simex.es\/?p=80430"},"modified":"2021-04-27T10:40:44","modified_gmt":"2021-04-27T08:40:44","slug":"simex-presente-ses-nouveaux-bureaux-commerciaux-dans-le-centre-ville-de-barcelone","status":"publish","type":"post","link":"https:\/\/simex.es\/fr\/simex-presente-ses-nouveaux-bureaux-commerciaux-dans-le-centre-ville-de-barcelone\/","title":{"rendered":"Simex pr\u00e9sente ses nouveaux bureaux commerciaux dans le centre-ville de Barcelone"},"content":{"rendered":"<p>Depuis le 28 janvier 2019, le bureau commercial de Simex a \u00e9t\u00e9 transf\u00e9r\u00e9 dans le centre-ville de Barcelone, il est d\u00e9sormais situ\u00e9 dans la rue Travessera de les Corts. Un changement qui a \u00e9t\u00e9 motiv\u00e9 par une belle perc\u00e9e de Simex sur les march\u00e9s nationaux et internationaux.<\/p>\n<h2><strong>Un changement gr\u00e2ce \u00e0 la croissance exponentielle de Simex\u00a0<\/strong><\/h2>\n<p>Nous ne pouvons pas cacher notre grande satisfaction puisque le d\u00e9m\u00e9nagement de nos bureaux de Sant Andreu de la Barca vers le centre-ville de Barcelone est d\u00fb \u00e0 la consolidation de nos produits sur les march\u00e9s espagnols et internationaux. Gr\u00e2ce au travail remarquable de son \u00e9quipe commerciale, Simex compte de nombreux clients en Espagne comme dans le reste de l&#8217;Europe mais \u00e9galement en Afrique et en Am\u00e9rique du Sud.<\/p>\n<h3><strong>Situation centrale, entre Avenue Diagonal et le Camp Nou<\/strong><\/h3>\n<p>Notre nouveau centre n\u00e9vralgique de 300 m2 r\u00e9parti sur deux \u00e9tages constitue le lieu de cohabitation de notre service commercial et marketing ainsi que des membres de la direction g\u00e9n\u00e9rale de la soci\u00e9t\u00e9. Il s\u2019agit d\u2019un environnement spacieux et parfaitement interconnect\u00e9 qui permet une optimisation maximale du temps et des ressources par l&#8217;ensemble de notre \u00e9quipe.<\/p>\n<h2><strong>\u00c9l\u00e9ment phare : notre nouveau Showroom<\/strong><\/h2>\n<p>Gr\u00e2ce \u00e0 la superficie de nos nouveaux bureaux, nous avons pu augmenter l&#8217;espace d\u00e9di\u00e9 \u00e0 l&#8217;exposition de nos produits avec la cr\u00e9ation d\u2019un nouveau showroom.<\/p>\n<p><img loading=\"lazy\" decoding=\"async\" class=\"aligncenter wp-image-80406 size-full\" src=\"http:\/\/simex.es\/wp-content\/uploads\/2019\/05\/Showroom-para-post-1.jpg\" alt=\"Selecci\u00f3n productos Simex\" width=\"800\" height=\"600\" srcset=\"https:\/\/simex.es\/wp-content\/uploads\/2019\/05\/Showroom-para-post-1.jpg 800w, https:\/\/simex.es\/wp-content\/uploads\/2019\/05\/Showroom-para-post-1-510x383.jpg 510w, https:\/\/simex.es\/wp-content\/uploads\/2019\/05\/Showroom-para-post-1-300x225.jpg 300w, https:\/\/simex.es\/wp-content\/uploads\/2019\/05\/Showroom-para-post-1-768x576.jpg 768w, https:\/\/simex.es\/wp-content\/uploads\/2019\/05\/Showroom-para-post-1-600x450.jpg 600w\" sizes=\"auto, (max-width: 800px) 100vw, 800px\" \/><\/p>\n<p>Un espace minutieusement con\u00e7u par le service marketing qui g\u00e9n\u00e8re une \u00e9norme valeur ajout\u00e9e afin d\u2019enseigner in situ les caract\u00e9ristiques, les fonctionnalit\u00e9s et les performances de tous les produits Simex.<\/p>\n<h4><strong>Barcelone et Fraga, les deux si\u00e8ges de Simex<\/strong><\/h4>\n<p>Comme vous le savez, tout le processus logistique de stockage, de contr\u00f4le de la qualit\u00e9, de r\u00e9ception et d\u2019exp\u00e9dition des commandes s\u2019effectue \u00e0 partir de notre si\u00e8ge social situ\u00e9 \u00e0 Fraga (Huesca). Nos bureaux commerciaux et nos installations logistiques sont en contact permanent afin de r\u00e9pondre aux demandes de l\u2019ensemble nos clients dans les plus brefs d\u00e9lais.<\/p>\n<p>Par le biais de cette nouvelle \u00e9tape, nous continuerons d\u2019investir dans la gestion des ressources en pensant \u00e0 nos clients et \u00e0 nos employ\u00e9s. Notre vraie raison d&#8217;\u00eatre.<\/p>\n","protected":false},"excerpt":{"rendered":"<p>Depuis le 28 janvier 2019, le bureau commercial de Simex a \u00e9t\u00e9 transf\u00e9r\u00e9 dans le centre-ville de Barcelone, il est d\u00e9sormais situ\u00e9 dans la rue Travessera de les Corts. Un changement qui a \u00e9t\u00e9 motiv\u00e9 par une belle perc\u00e9e de Simex sur les march\u00e9s nationaux et internationaux. Un changement gr\u00e2ce \u00e0 la croissance exponentielle de [&#8230;]\n","protected":false},"author":5,"featured_media":80400,"comment_status":"open","ping_status":"open","sticky":false,"template":"","format":"standard","meta":{"footnotes":""},"categories":[1,1397],"tags":[],"class_list":["post-80430","post","type-post","status-publish","format-standard","has-post-thumbnail","hentry","category-sin-categorizar","category-simex-fr"],"_links":{"self":[{"href":"https:\/\/simex.es\/fr\/wp-json\/wp\/v2\/posts\/80430","targetHints":{"allow":["GET"]}}],"collection":[{"href":"https:\/\/simex.es\/fr\/wp-json\/wp\/v2\/posts"}],"about":[{"href":"https:\/\/simex.es\/fr\/wp-json\/wp\/v2\/types\/post"}],"author":[{"embeddable":true,"href":"https:\/\/simex.es\/fr\/wp-json\/wp\/v2\/users\/5"}],"replies":[{"embeddable":true,"href":"https:\/\/simex.es\/fr\/wp-json\/wp\/v2\/comments?post=80430"}],"version-history":[{"count":0,"href":"https:\/\/simex.es\/fr\/wp-json\/wp\/v2\/posts\/80430\/revisions"}],"wp:featuredmedia":[{"embeddable":true,"href":"https:\/\/simex.es\/fr\/wp-json\/wp\/v2\/media\/80400"}],"wp:attachment":[{"href":"https:\/\/simex.es\/fr\/wp-json\/wp\/v2\/media?parent=80430"}],"wp:term":[{"taxonomy":"category","embeddable":true,"href":"https:\/\/simex.es\/fr\/wp-json\/wp\/v2\/categories?post=80430"},{"taxonomy":"post_tag","embeddable":true,"href":"https:\/\/simex.es\/fr\/wp-json\/wp\/v2\/tags?post=80430"}],"curies":[{"name":"wp","href":"https:\/\/api.w.org\/{rel}","templated":true}]}}