{"id":330225,"date":"2025-03-04T11:01:11","date_gmt":"2025-03-04T10:01:11","guid":{"rendered":"https:\/\/simex.es\/?p=330225"},"modified":"2025-03-04T11:01:13","modified_gmt":"2025-03-04T10:01:13","slug":"tout-ce-quil-faut-savoir-sur-les-minibars","status":"publish","type":"post","link":"https:\/\/simex.es\/fr\/tout-ce-quil-faut-savoir-sur-les-minibars\/","title":{"rendered":"Tout ce qu&#8217;il faut savoir sur les minibars"},"content":{"rendered":"\n<p>Les minibars (ou r\u00e9frig\u00e9rateurs minibars) sont tr\u00e8s utiles dans les chambres d&#8217;h\u00f4tel, car ils contribuent \u00e0 am\u00e9liorer consid\u00e9rablement l&#8217;exp\u00e9rience des clients. C&#8217;est pourquoi, dans cet article, nous allons expliquer leurs principales caract\u00e9ristiques, les diff\u00e9rents types disponibles chez Simex, ainsi que des conseils pour leur entretien.<\/p>\n\n\n\n<h2 class=\"wp-block-heading\">Qu&#8217;est-ce qu&#8217;un r\u00e9frig\u00e9rateur minibar ?<\/h2>\n\n\n\n<p>Un minibar est un petit r\u00e9frig\u00e9rateur con\u00e7u pour prendre peu de place et stocker des boissons (en les gardant froides) et des snacks. Ils sont le plus souvent utilis\u00e9s dans les h\u00f4tels, mais ils sont \u00e9galement tr\u00e8s utiles dans d&#8217;autres espaces tels que les bureaux ou d&#8217;autres installations int\u00e9rieures.<\/p>\n\n\n\n<figure class=\"wp-block-image size-full\"><img loading=\"lazy\" decoding=\"async\" width=\"847\" height=\"350\" src=\"http:\/\/simex.es\/wp-content\/uploads\/2025\/03\/Captura-de-pantalla-2025-03-03-155706.png\" alt=\"\" class=\"wp-image-330188\" srcset=\"https:\/\/simex.es\/wp-content\/uploads\/2025\/03\/Captura-de-pantalla-2025-03-03-155706.png 847w, https:\/\/simex.es\/wp-content\/uploads\/2025\/03\/Captura-de-pantalla-2025-03-03-155706-300x124.png 300w, https:\/\/simex.es\/wp-content\/uploads\/2025\/03\/Captura-de-pantalla-2025-03-03-155706-768x317.png 768w, https:\/\/simex.es\/wp-content\/uploads\/2025\/03\/Captura-de-pantalla-2025-03-03-155706-510x211.png 510w\" sizes=\"auto, (max-width: 847px) 100vw, 847px\" \/><\/figure>\n\n\n\n<h2 class=\"wp-block-heading\">Quelles sont leurs principales caract\u00e9ristiques ?<\/h2>\n\n\n\n<p>Chez Simex, nous disposons d&#8217;une large gamme de minibars qui s&#8217;adaptent \u00e0 tous les espaces et \u00e0 tous les designs. Tous ont en commun les caract\u00e9ristiques suivantes :\u00a0<\/p>\n\n\n\n<ul class=\"wp-block-list\">\n<li><strong>Efficacit\u00e9 \u00e9nerg\u00e9tique:<\/strong> ils sont con\u00e7us pour consommer moins d&#8217;\u00e9nergie et contribuer \u00e0 la durabilit\u00e9.<\/li>\n\n\n\n<li><strong>Fonctionnement silencieux:<\/strong> ils sont dot\u00e9s d&#8217;une technologie de refroidissement avanc\u00e9e pour un environnement ambiant silencieux.<\/li>\n\n\n\n<li><strong>Conception compacte:<\/strong> ils sont parfaits pour optimiser l&#8217;espace sans compromettre la capacit\u00e9 de stockage.<\/li>\n\n\n\n<li><strong>Vari\u00e9t\u00e9 de finitions:<\/strong> nous proposons des mod\u00e8les aux finitions modernes qui s&#8217;int\u00e8grent facilement dans n&#8217;importe quel d\u00e9cor.<\/li>\n<\/ul>\n\n\n\n<h2 class=\"wp-block-heading\">Types de r\u00e9frig\u00e9rateurs pour minibars<\/h2>\n\n\n\n<p>Si vous h\u00e9sitez \u00e0 choisir un type de minibar ou un autre, nous vous aiderons dans votre choix en vous expliquant les diff\u00e9rences entre les diff\u00e9rents types de portes.<\/p>\n\n\n\n<p><strong>R\u00e9frig\u00e9rateur \u00e0 porte vitr\u00e9e:<\/strong> il est id\u00e9al pour les h\u00f4tels qui souhaitent donner une touche de modernit\u00e9 et d&#8217;\u00e9l\u00e9gance \u00e0 leurs chambres. Cette conception permet aux clients de voir le contenu sans avoir \u00e0 ouvrir la porte, ce qui contribue \u00e9galement \u00e0 pr\u00e9server la temp\u00e9rature interne.<\/p>\n\n\n\n<ul class=\"wp-block-list\">\n<li>Minibar blanc \u00e0 porte vitr\u00e9e (<a href=\"https:\/\/simex.es\/fr\/minibar-blanc-a-porte-vitree-30-litres\/\" data-type=\"link\" data-id=\"https:\/\/simex.es\/fr\/minibar-blanc-a-porte-vitree-30-litres\/\">30<\/a> ou <a href=\"https:\/\/simex.es\/fr\/minibar-blanc-porte-vitree-40-litres\/\" data-type=\"link\" data-id=\"https:\/\/simex.es\/fr\/minibar-blanc-porte-vitree-40-litres\/\">40<\/a> litres) : Thermo\u00e9lectrique avec syst\u00e8me Peltier, avec thermostat de r\u00e9gulation de la temp\u00e9rature et \u00e9clairage interne par LED. Comprend deux plateaux internes en ABS.<\/li>\n<\/ul>\n\n\n\n<div data-block-name=\"woocommerce\/single-product\" data-product-id=\"268105\" data-wp-context=\"{&quot;productId&quot;:268105,&quot;variationId&quot;:null}\" data-wp-interactive=\"woocommerce\/single-product\" class=\"wp-block-woocommerce-single-product woocommerce\">\n<div class=\"wp-block-columns is-layout-flex wp-container-core-columns-is-layout-9d6595d7 wp-block-columns-is-layout-flex\">\n<div class=\"wp-block-column is-layout-flow wp-block-column-is-layout-flow\"><div data-block-name=\"woocommerce\/product-image\" data-is-descendent-of-single-product-block=\"true\" data-show-sale-badge=\"false\" class=\"wc-block-components-product-image wc-block-grid__product-image wc-block-components-product-image--aspect-ratio-auto wp-block-woocommerce-product-image\"><a href=\"https:\/\/simex.es\/fr\/minibar-blanc-a-porte-vitree-30-litres\/\" style=\"\" data-wp-on--click=\"woocommerce\/product-collection::actions.viewProduct\"><img decoding=\"async\" width=\"510\" height=\"510\" src=\"https:\/\/simex.es\/wp-content\/uploads\/2023\/12\/08108-510x510.png\" class=\"attachment-woocommerce_single size-woocommerce_single\" alt=\"Minibar blanc \u00e0 porte vitr\u00e9e - 30 litres\" data-testid=\"product-image\" data-image-id=\"268098\" style=\"object-fit:cover;\" loading=\"lazy\" srcset=\"https:\/\/simex.es\/wp-content\/uploads\/2023\/12\/08108-510x510.png 510w, https:\/\/simex.es\/wp-content\/uploads\/2023\/12\/08108-100x100.png 100w, https:\/\/simex.es\/wp-content\/uploads\/2023\/12\/08108-300x300.png 300w, https:\/\/simex.es\/wp-content\/uploads\/2023\/12\/08108-150x150.png 150w, https:\/\/simex.es\/wp-content\/uploads\/2023\/12\/08108.png 600w\" sizes=\"auto, (max-width: 510px) 100vw, 510px\" \/><div class=\"wc-block-components-product-image__inner-container\"><\/div><\/a><\/div><\/div>\n\n\n\n<div class=\"wp-block-column is-layout-flow wp-block-column-is-layout-flow\"><h2 class=\"wp-block-post-title\"><a href=\"https:\/\/simex.es\/fr\/minibar-blanc-a-porte-vitree-30-litres\/\" target=\"_self\" >Minibar blanc \u00e0 porte vitr\u00e9e &#8211; 30 litres<\/a><\/h2>\n\n<div data-block-name=\"woocommerce\/product-summary\" data-is-descendent-of-single-product-block=\"true\" class=\"wp-block-woocommerce-product-summary\"><div class=\"wc-block-components-product-summary \" style=\"\">\n\t\t\t\t<h1><strong><span style=\"color: #ff5100\">NOUVEAU!<\/strong><\/h1>\n<ul>\n<li><span style=\"color: #FF5100\">Finition:<\/span> Blanc.<\/li>\n<li><span style=\"color: #FF5100\">Porte:<\/span> Vitr\u00e9e.<\/li>\n<li><span style=\"color: #FF5100\">D\u00e9givrage:<\/span> Thermo\u00e9lectrique avec syst\u00e8me Peltier.<\/li>\n<li><span style=\"color: #FF5100\">Capacit\u00e9:<\/span> 30 litres.<\/li>\n<li> Thermostat r\u00e9gulateur de temp\u00e9rature.<\/li>\n<li>Eclairage int\u00e9rieur par LED.<\/li>\n<li>Comprend deux plateaux internes en ABS.<\/li>\n<\/ul>\n<p><span class=\"ficha-tecnica\"><a title=\"\u201cFicha\" href=\"https:\/\/simex.es\/wp-content\/uploads\/2024\/02\/08082-08083-08086_08108_EN-FR-1.pdf\" target=\"_blank\" rel=\"noopener noreferrer\">Voir fiche technique<\/a><\/span><\/p>\n\n\t\t\t<\/div><\/div><\/div>\n<\/div>\n<\/div>\n\n\n\n<ul class=\"wp-block-list\">\n<li>Minibar noir \u00e0 porte vitr\u00e9e (<a href=\"https:\/\/simex.es\/fr\/minibar-porte-vitree-30-litres\/\" data-type=\"link\" data-id=\"https:\/\/simex.es\/fr\/minibar-porte-vitree-30-litres\/\">30<\/a> ou <a href=\"https:\/\/simex.es\/fr\/minibar-porte-vitree-40-litres\/\" data-type=\"link\" data-id=\"https:\/\/simex.es\/fr\/minibar-porte-vitree-40-litres\/\">40<\/a> litres) : Avec les m\u00eames caract\u00e9ristiques que le pr\u00e9c\u00e9dent : thermo\u00e9lectrique avec syst\u00e8me Peltier, avec thermostat de r\u00e9gulation de la temp\u00e9rature et \u00e9clairage interne par LED. Comprend deux plateaux internes en ABS.<\/li>\n<\/ul>\n\n\n\n<div data-block-name=\"woocommerce\/single-product\" data-product-id=\"145268\" data-wp-context=\"{&quot;productId&quot;:145268,&quot;variationId&quot;:null}\" data-wp-interactive=\"woocommerce\/single-product\" class=\"wp-block-woocommerce-single-product woocommerce\">\n<div class=\"wp-block-columns is-layout-flex wp-container-core-columns-is-layout-9d6595d7 wp-block-columns-is-layout-flex\">\n<div class=\"wp-block-column is-layout-flow wp-block-column-is-layout-flow\"><div data-block-name=\"woocommerce\/product-image\" data-is-descendent-of-single-product-block=\"true\" data-show-sale-badge=\"false\" class=\"wc-block-components-product-image wc-block-grid__product-image wc-block-components-product-image--aspect-ratio-auto wp-block-woocommerce-product-image\"><a href=\"https:\/\/simex.es\/fr\/minibar-porte-vitree-30-litres\/\" style=\"\" data-wp-on--click=\"woocommerce\/product-collection::actions.viewProduct\"><img decoding=\"async\" width=\"510\" height=\"510\" src=\"https:\/\/simex.es\/wp-content\/uploads\/2019\/04\/Minibar-para-hotel-termoelectrico-puerta-de-cristal-negro-30-y-40-litros-Simex-510x510.jpg\" class=\"attachment-woocommerce_single size-woocommerce_single\" alt=\"Minibar porte vitr\u00e9e - 30 Litres\" data-testid=\"product-image\" data-image-id=\"145126\" style=\"object-fit:cover;\" loading=\"lazy\" srcset=\"https:\/\/simex.es\/wp-content\/uploads\/2019\/04\/Minibar-para-hotel-termoelectrico-puerta-de-cristal-negro-30-y-40-litros-Simex-510x510.jpg 510w, https:\/\/simex.es\/wp-content\/uploads\/2019\/04\/Minibar-para-hotel-termoelectrico-puerta-de-cristal-negro-30-y-40-litros-Simex-100x100.jpg 100w, https:\/\/simex.es\/wp-content\/uploads\/2019\/04\/Minibar-para-hotel-termoelectrico-puerta-de-cristal-negro-30-y-40-litros-Simex-300x300.jpg 300w, https:\/\/simex.es\/wp-content\/uploads\/2019\/04\/Minibar-para-hotel-termoelectrico-puerta-de-cristal-negro-30-y-40-litros-Simex-150x150.jpg 150w, https:\/\/simex.es\/wp-content\/uploads\/2019\/04\/Minibar-para-hotel-termoelectrico-puerta-de-cristal-negro-30-y-40-litros-Simex-768x768.jpg 768w, https:\/\/simex.es\/wp-content\/uploads\/2019\/04\/Minibar-para-hotel-termoelectrico-puerta-de-cristal-negro-30-y-40-litros-Simex-600x600.jpg 600w, https:\/\/simex.es\/wp-content\/uploads\/2019\/04\/Minibar-para-hotel-termoelectrico-puerta-de-cristal-negro-30-y-40-litros-Simex.jpg 801w\" sizes=\"auto, (max-width: 510px) 100vw, 510px\" \/><div class=\"wc-block-components-product-image__inner-container\"><\/div><\/a><\/div><\/div>\n\n\n\n<div class=\"wp-block-column is-layout-flow wp-block-column-is-layout-flow\"><h2 class=\"wp-block-post-title\"><a href=\"https:\/\/simex.es\/fr\/minibar-porte-vitree-30-litres\/\" target=\"_self\" >Minibar porte vitr\u00e9e &#8211; 30 Litres<\/a><\/h2>\n\n<div data-block-name=\"woocommerce\/product-summary\" data-is-descendent-of-single-product-block=\"true\" class=\"wp-block-woocommerce-product-summary\"><div class=\"wc-block-components-product-summary \" style=\"\">\n\t\t\t\t<h1><strong><span style=\"color: #ff5100\">NOUVEAU!<\/strong><\/h1>\n<ul>\n<li><span style=\"color: #FF5100\">Finition:<\/span> Noir.<\/li>\n<li><span style=\"color: #FF5100\">Porte:<\/span> Vitr\u00e9e.<\/li>\n<li><span style=\"color: #FF5100\">D\u00e9givrage:<\/span> Thermo\u00e9lectrique avec syst\u00e8me Peltier.<\/li>\n<li><span style=\"color: #FF5100\">Capacit\u00e9:<\/span> 30 litres.<\/li>\n<li> Thermostat r\u00e9gulateur de temp\u00e9rature.<\/li>\n<li>Eclairage int\u00e9rieur par LED.<\/li>\n<li>Comprend deux plateaux internes en ABS.<\/li>\n<\/ul>\n<p><span class=\"ficha-tecnica\"><a title=\"\u201cFicha\" href=\"https:\/\/simex.es\/wp-content\/uploads\/2024\/02\/08082-08083-08086_08108_EN-FR-1.pdf\" target=\"_blank\" rel=\"noopener noreferrer\">Voir fiche technique<\/a><\/span><\/p>\n\n\t\t\t<\/div><\/div><\/div>\n<\/div>\n<\/div>\n\n\n\n<p><strong>R\u00e9frig\u00e9rateur \u00e0 porte pleine:<\/strong> si vous pr\u00e9f\u00e9rez un design plus discret, les minibars \u00e0 porte pleine sont une excellente option. Ils offrent une isolation suppl\u00e9mentaire et s&#8217;int\u00e8grent facilement dans n&#8217;importe quel d\u00e9cor.<\/p>\n\n\n\n<ul class=\"wp-block-list\">\n<li>Minibar blanc \u00e0 porte pleine (<a href=\"https:\/\/simex.es\/fr\/minibar-porte-pleine-30-litres-blanc-2\/\" data-type=\"link\" data-id=\"https:\/\/simex.es\/fr\/minibar-porte-pleine-30-litres-blanc-2\/\">30<\/a> ou <a href=\"https:\/\/simex.es\/fr\/minibar-porte-pleine-40-litres-blanc\/\" data-type=\"link\" data-id=\"https:\/\/simex.es\/fr\/minibar-porte-pleine-40-litres-blanc\/\">40<\/a> litres) : Thermo\u00e9lectrique avec syst\u00e8me Peltier, avec thermostat de r\u00e9gulation de la temp\u00e9rature et \u00e9clairage interne par LED. Comprend deux plateaux int\u00e9rieurs en ABS.<\/li>\n<\/ul>\n\n\n\n<div data-block-name=\"woocommerce\/single-product\" data-product-id=\"145290\" data-wp-context=\"{&quot;productId&quot;:145290,&quot;variationId&quot;:null}\" data-wp-interactive=\"woocommerce\/single-product\" class=\"wp-block-woocommerce-single-product woocommerce\">\n<div class=\"wp-block-columns is-layout-flex wp-container-core-columns-is-layout-9d6595d7 wp-block-columns-is-layout-flex\">\n<div class=\"wp-block-column is-layout-flow wp-block-column-is-layout-flow\"><div data-block-name=\"woocommerce\/product-image\" data-is-descendent-of-single-product-block=\"true\" data-show-sale-badge=\"false\" class=\"wc-block-components-product-image wc-block-grid__product-image wc-block-components-product-image--aspect-ratio-auto wp-block-woocommerce-product-image\"><a href=\"https:\/\/simex.es\/fr\/minibar-porte-pleine-40-litres-blanc\/\" style=\"\" data-wp-on--click=\"woocommerce\/product-collection::actions.viewProduct\"><img decoding=\"async\" width=\"500\" height=\"500\" src=\"https:\/\/simex.es\/wp-content\/uploads\/2022\/02\/Minibar-para-hotel-de-absorcion-puerta-solida-blanco-30-y-40-litros-Simex-removebg-preview.png\" class=\"attachment-woocommerce_single size-woocommerce_single\" alt=\"Minibar porte pleine - 40 Litres Blanc\" data-testid=\"product-image\" data-image-id=\"282371\" style=\"object-fit:cover;\" loading=\"lazy\" srcset=\"https:\/\/simex.es\/wp-content\/uploads\/2022\/02\/Minibar-para-hotel-de-absorcion-puerta-solida-blanco-30-y-40-litros-Simex-removebg-preview.png 500w, https:\/\/simex.es\/wp-content\/uploads\/2022\/02\/Minibar-para-hotel-de-absorcion-puerta-solida-blanco-30-y-40-litros-Simex-removebg-preview-100x100.png 100w, https:\/\/simex.es\/wp-content\/uploads\/2022\/02\/Minibar-para-hotel-de-absorcion-puerta-solida-blanco-30-y-40-litros-Simex-removebg-preview-300x300.png 300w, https:\/\/simex.es\/wp-content\/uploads\/2022\/02\/Minibar-para-hotel-de-absorcion-puerta-solida-blanco-30-y-40-litros-Simex-removebg-preview-150x150.png 150w\" sizes=\"auto, (max-width: 500px) 100vw, 500px\" \/><div class=\"wc-block-components-product-image__inner-container\"><\/div><\/a><\/div><\/div>\n\n\n\n<div class=\"wp-block-column is-layout-flow wp-block-column-is-layout-flow\"><h2 class=\"wp-block-post-title\"><a href=\"https:\/\/simex.es\/fr\/minibar-porte-pleine-40-litres-blanc\/\" target=\"_self\" >Minibar porte pleine &#8211; 40 Litres Blanc<\/a><\/h2>\n\n<div data-block-name=\"woocommerce\/product-summary\" data-is-descendent-of-single-product-block=\"true\" class=\"wp-block-woocommerce-product-summary\"><div class=\"wc-block-components-product-summary \" style=\"\">\n\t\t\t\t<h1><strong><span style=\"color: #ff5100\">NOUVEAU!<\/strong><\/h1>\n<ul>\n<li><span style=\"color: #FF5100\">Finition:<\/span> Blanc.<\/li>\n<li><span style=\"color: #FF5100\">Porte:<\/span> Pleine.<\/li>\n<li><span style=\"color: #FF5100\">D\u00e9givrage:<\/span> Thermo\u00e9lectrique avec syst\u00e8me Peltier.<\/li>\n<li><span style=\"color: #FF5100\">Capacit\u00e9:<\/span> 40 litres.<\/li>\n<li> Thermostat r\u00e9gulateur de temp\u00e9rature.<\/li>\n<li>Eclairage int\u00e9rieur par LED.<\/li>\n<li>Comprend deux plateaux internes en ABS.<\/li>\n<\/ul>\n<p><span class=\"ficha-tecnica\"><a title=\"\u201cFicha\" href=\"https:\/\/simex.es\/wp-content\/uploads\/2024\/02\/08084-08085-08087_08109_EN-FR.pdf\" target=\"_blank\" rel=\"noopener noreferrer\">Voir fiche technique<\/a><\/span><\/p>\n\n\t\t\t<\/div><\/div><\/div>\n<\/div>\n<\/div>\n\n\n\n<p>&#8211; Minibar noir \u00e0 porte pleine (<a href=\"https:\/\/simex.es\/fr\/minibar-porte-pleine-30-litres\/\" data-type=\"link\" data-id=\"https:\/\/simex.es\/fr\/minibar-porte-pleine-30-litres\/\">30<\/a> ou <a href=\"https:\/\/simex.es\/fr\/minibar-porte-pleine-40-litres\/\" data-type=\"link\" data-id=\"https:\/\/simex.es\/fr\/minibar-porte-pleine-40-litres\/\">40<\/a> litres) : Avec les m\u00eames caract\u00e9ristiques que le pr\u00e9c\u00e9dent : thermo\u00e9lectrique avec syst\u00e8me Peltier, avec thermostat de r\u00e9gulation de la temp\u00e9rature, \u00e9clairage interne \u00e0 LED. Comprend deux plateaux internes en ABS.<\/p>\n\n\n\n<div data-block-name=\"woocommerce\/single-product\" data-product-id=\"93503\" data-wp-context=\"{&quot;productId&quot;:93503,&quot;variationId&quot;:null}\" data-wp-interactive=\"woocommerce\/single-product\" class=\"wp-block-woocommerce-single-product woocommerce\">\n<div class=\"wp-block-columns is-layout-flex wp-container-core-columns-is-layout-9d6595d7 wp-block-columns-is-layout-flex\">\n<div class=\"wp-block-column is-layout-flow wp-block-column-is-layout-flow\"><div data-block-name=\"woocommerce\/product-image\" data-is-descendent-of-single-product-block=\"true\" data-show-sale-badge=\"false\" class=\"wc-block-components-product-image wc-block-grid__product-image wc-block-components-product-image--aspect-ratio-auto wp-block-woocommerce-product-image\"><a href=\"https:\/\/simex.es\/fr\/minibar-porte-pleine-30-litres\/\" style=\"\" data-wp-on--click=\"woocommerce\/product-collection::actions.viewProduct\"><img decoding=\"async\" width=\"510\" height=\"510\" src=\"https:\/\/simex.es\/wp-content\/uploads\/2019\/04\/Minibar-para-hotel-termoelectrico-puerta-solida-negro-30-y-40-litros-Simex-510x510.jpg\" class=\"attachment-woocommerce_single size-woocommerce_single\" alt=\"Minibar porte pleine - 30 Litres\" data-testid=\"product-image\" data-image-id=\"145134\" style=\"object-fit:cover;\" loading=\"lazy\" srcset=\"https:\/\/simex.es\/wp-content\/uploads\/2019\/04\/Minibar-para-hotel-termoelectrico-puerta-solida-negro-30-y-40-litros-Simex-510x510.jpg 510w, https:\/\/simex.es\/wp-content\/uploads\/2019\/04\/Minibar-para-hotel-termoelectrico-puerta-solida-negro-30-y-40-litros-Simex-100x100.jpg 100w, https:\/\/simex.es\/wp-content\/uploads\/2019\/04\/Minibar-para-hotel-termoelectrico-puerta-solida-negro-30-y-40-litros-Simex-300x300.jpg 300w, https:\/\/simex.es\/wp-content\/uploads\/2019\/04\/Minibar-para-hotel-termoelectrico-puerta-solida-negro-30-y-40-litros-Simex-150x150.jpg 150w, https:\/\/simex.es\/wp-content\/uploads\/2019\/04\/Minibar-para-hotel-termoelectrico-puerta-solida-negro-30-y-40-litros-Simex-768x768.jpg 768w, https:\/\/simex.es\/wp-content\/uploads\/2019\/04\/Minibar-para-hotel-termoelectrico-puerta-solida-negro-30-y-40-litros-Simex-600x600.jpg 600w, https:\/\/simex.es\/wp-content\/uploads\/2019\/04\/Minibar-para-hotel-termoelectrico-puerta-solida-negro-30-y-40-litros-Simex.jpg 801w\" sizes=\"auto, (max-width: 510px) 100vw, 510px\" \/><div class=\"wc-block-components-product-image__inner-container\"><\/div><\/a><\/div><\/div>\n\n\n\n<div class=\"wp-block-column is-layout-flow wp-block-column-is-layout-flow\"><h2 class=\"wp-block-post-title\"><a href=\"https:\/\/simex.es\/fr\/minibar-porte-pleine-30-litres\/\" target=\"_self\" >Minibar porte pleine &#8211; 30 Litres<\/a><\/h2>\n\n<div data-block-name=\"woocommerce\/product-summary\" data-is-descendent-of-single-product-block=\"true\" class=\"wp-block-woocommerce-product-summary\"><div class=\"wc-block-components-product-summary \" style=\"\">\n\t\t\t\t<h1><strong><span style=\"color: #ff5100\">NOUVEAU!<\/strong><\/h1>\n<ul>\n<li><span style=\"color: #FF5100\">Finition:<\/span> Noir.<\/li>\n<li><span style=\"color: #FF5100\">Porte:<\/span> Pleine.<\/li>\n<li><span style=\"color: #FF5100\">D\u00e9givrage:<\/span> Thermo\u00e9lectrique avec syst\u00e8me Peltier.<\/li>\n<li><span style=\"color: #FF5100\">Capacit\u00e9:<\/span> 30 litres.<\/li>\n<li> Thermostat r\u00e9gulateur de temp\u00e9rature.<\/li>\n<li>Eclairage int\u00e9rieur par LED.<\/li>\n<li>Comprend deux plateaux internes en ABS.<\/li>\n<\/ul>\n<p><span class=\"ficha-tecnica\"><a title=\"\u201cFicha\" href=\"https:\/\/simex.es\/wp-content\/uploads\/2024\/02\/08082-08083-08086_08108_EN-FR-1.pdf\" target=\"_blank\" rel=\"noopener noreferrer\">Voir fiche technique<\/a><\/span><\/p>\n\n\t\t\t<\/div><\/div><\/div>\n<\/div>\n<\/div>\n\n\n\n<h2 class=\"wp-block-heading\">Quelle capacit\u00e9 choisir ?<\/h2>\n\n\n\n<p>Comme vous l&#8217;avez vu dans la section pr\u00e9c\u00e9dente, nous proposons des minibars de 30 litres et de 40 litres. Les minibars de 30 litres sont compacts et efficaces, id\u00e9aux pour les petites chambres ou pour les h\u00f4tels qui cherchent \u00e0 optimiser l&#8217;espace. Malgr\u00e9 leur taille, ils offrent une capacit\u00e9 suffisante pour stocker les boissons et les en-cas essentiels.<\/p>\n\n\n\n<p>En revanche, si vous souhaitez offrir plus de confort \u00e0 vos clients, les minibars de 40 litres sont le choix id\u00e9al. Cette taille est id\u00e9ale pour les chambres ou les suites haut de gamme, o\u00f9 l&#8217;exp\u00e9rience du client est une priorit\u00e9.<\/p>\n\n\n\n<h2 class=\"wp-block-heading\">Conseils d&#8217;entretien pour les r\u00e9frig\u00e9rateurs des minibars<\/h2>\n\n\n\n<p>Pour garantir le bon fonctionnement et prolonger la dur\u00e9e de vie de votre r\u00e9frig\u00e9rateur minibar, suivez les conseils suivants : nettoyez r\u00e9guli\u00e8rement l&#8217;int\u00e9rieur avec un m\u00e9lange d&#8217;eau et de vinaigre pour \u00e9viter les mauvaises odeurs ; ne surchargez pas le r\u00e9frig\u00e9rateur pour permettre une bonne circulation de l&#8217;air froid ; v\u00e9rifiez r\u00e9guli\u00e8rement l&#8217;\u00e9tanch\u00e9it\u00e9 des joints de porte ; et placez le r\u00e9frig\u00e9rateur dans un espace bien ventil\u00e9 pour \u00e9viter la surchauffe du moteur.<\/p>\n\n\n\n<figure class=\"wp-block-image size-full\"><img loading=\"lazy\" decoding=\"async\" width=\"625\" height=\"691\" src=\"http:\/\/simex.es\/wp-content\/uploads\/2025\/03\/Captura-de-pantalla-2025-03-03-172122.png\" alt=\"\" class=\"wp-image-330192\" srcset=\"https:\/\/simex.es\/wp-content\/uploads\/2025\/03\/Captura-de-pantalla-2025-03-03-172122.png 625w, https:\/\/simex.es\/wp-content\/uploads\/2025\/03\/Captura-de-pantalla-2025-03-03-172122-271x300.png 271w, https:\/\/simex.es\/wp-content\/uploads\/2025\/03\/Captura-de-pantalla-2025-03-03-172122-510x564.png 510w\" sizes=\"auto, (max-width: 625px) 100vw, 625px\" \/><\/figure>\n\n\n\n<h2 class=\"wp-block-heading\">Questions fr\u00e9quemment pos\u00e9es sur les minibars<\/h2>\n\n\n\n<p>Enfin, compte tenu des demandes que nous avons re\u00e7ues de nos clients concernant les minibars, nous allons vous fournir les r\u00e9ponses aux questions que nous recevons le plus fr\u00e9quemment.<\/p>\n\n\n\n<ul class=\"wp-block-list\">\n<li><strong>Quelle est la capacit\u00e9 des minibars des h\u00f4tels ?<\/strong><\/li>\n<\/ul>\n\n\n\n<p>La capacit\u00e9 de nos minibars varie en fonction du mod\u00e8le, avec des options allant de 30L \u00e0 90L, offrant des solutions adapt\u00e9es aux besoins de votre h\u00f4tel.<\/p>\n\n\n\n<ul class=\"wp-block-list\">\n<li><strong>Les minibars sont-ils silencieux ?<\/strong><\/li>\n<\/ul>\n\n\n\n<p>Oui, nos minibars sont con\u00e7us pour \u00eatre silencieux, afin d&#8217;assurer un environnement calme dans les chambres, sans bruits g\u00eanants.<\/p>\n\n\n\n<ul class=\"wp-block-list\">\n<li><strong>Puis-je personnaliser le minibar avec le logo de mon h\u00f4tel ?<\/strong><\/li>\n<\/ul>\n\n\n\n<p>Oui, nous proposons des options de personnalisation pour les minibars, y compris la possibilit\u00e9 d&#8217;ajouter le logo de votre h\u00f4tel, cr\u00e9ant ainsi une exp\u00e9rience unique pour vos clients.<\/p>\n\n\n\n<ul class=\"wp-block-list\">\n<li><strong>Les minibars des h\u00f4tels sont-ils \u00e9conomes en \u00e9nergie ?<\/strong><\/li>\n<\/ul>\n\n\n\n<p>Oui, nos minibars sont con\u00e7us pour \u00eatre tr\u00e8s \u00e9conomes en \u00e9nergie, ce qui permet de r\u00e9duire les co\u00fbts d&#8217;exploitation et de pr\u00e9server l&#8217;environnement.<\/p>\n\n\n\n<ul class=\"wp-block-list\">\n<li><strong>Quelles sont les options de garantie des minibars d&#8217;h\u00f4tel ?<\/strong><\/li>\n<\/ul>\n\n\n\n<p>Les minibars que nous proposons sont assortis d&#8217;une garantie standard de deux ans, qui vous assure un produit de qualit\u00e9 et un service apr\u00e8s-vente fiable.<\/p>\n\n\n\n<figure class=\"wp-block-image size-large\"><img loading=\"lazy\" decoding=\"async\" width=\"1024\" height=\"724\" src=\"http:\/\/simex.es\/wp-content\/uploads\/2022\/02\/Solucion-Pisa-1024x724.jpg\" alt=\"\" class=\"wp-image-143447\" srcset=\"https:\/\/simex.es\/wp-content\/uploads\/2022\/02\/Solucion-Pisa-1024x724.jpg 1024w, https:\/\/simex.es\/wp-content\/uploads\/2022\/02\/Solucion-Pisa-510x361.jpg 510w, https:\/\/simex.es\/wp-content\/uploads\/2022\/02\/Solucion-Pisa-300x212.jpg 300w, https:\/\/simex.es\/wp-content\/uploads\/2022\/02\/Solucion-Pisa-768x543.jpg 768w, https:\/\/simex.es\/wp-content\/uploads\/2022\/02\/Solucion-Pisa-1536x1086.jpg 1536w, https:\/\/simex.es\/wp-content\/uploads\/2022\/02\/Solucion-Pisa-2048x1448.jpg 2048w, https:\/\/simex.es\/wp-content\/uploads\/2022\/02\/Solucion-Pisa-600x424.jpg 600w\" sizes=\"auto, (max-width: 1024px) 100vw, 1024px\" \/><\/figure>\n\n\n\n<h2 class=\"wp-block-heading\">Contactez nous<\/h2>\n\n\n\n<p>Nous esp\u00e9rons que cet article vous a int\u00e9ress\u00e9 et, comme toujours, si vous souhaitez passer une commande, si vous avez des questions ou si vous avez besoin de plus d&#8217;informations sur l&#8217;un de nos produits,<a href=\"https:\/\/simex.es\/fr\/contact\/\" data-type=\"link\" data-id=\"https:\/\/simex.es\/fr\/contact\/\"> n&#8217;h\u00e9sitez pas \u00e0 nous contacter, nous serons ravis de vous aider !<\/a><\/p>\n\n\n\n<p><\/p>\n\n\n\n\n\n<p> <\/p>\n","protected":false},"excerpt":{"rendered":"<p>Les minibars (ou r\u00e9frig\u00e9rateurs minibars) sont tr\u00e8s utiles dans les chambres d&#8217;h\u00f4tel, car ils contribuent \u00e0 am\u00e9liorer consid\u00e9rablement l&#8217;exp\u00e9rience des clients. C&#8217;est pourquoi, dans cet article, nous allons expliquer leurs principales caract\u00e9ristiques, les diff\u00e9rents types disponibles chez Simex, ainsi que des conseils pour leur entretien. Qu&#8217;est-ce qu&#8217;un r\u00e9frig\u00e9rateur minibar ? Un minibar est un petit [&#8230;]\n","protected":false},"author":5,"featured_media":330192,"comment_status":"closed","ping_status":"open","sticky":false,"template":"","format":"standard","meta":{"footnotes":""},"categories":[1393,1395],"tags":[],"class_list":["post-330225","post","type-post","status-publish","format-standard","has-post-thumbnail","hentry","category-industrie-hoteliere","category-produits"],"_links":{"self":[{"href":"https:\/\/simex.es\/fr\/wp-json\/wp\/v2\/posts\/330225","targetHints":{"allow":["GET"]}}],"collection":[{"href":"https:\/\/simex.es\/fr\/wp-json\/wp\/v2\/posts"}],"about":[{"href":"https:\/\/simex.es\/fr\/wp-json\/wp\/v2\/types\/post"}],"author":[{"embeddable":true,"href":"https:\/\/simex.es\/fr\/wp-json\/wp\/v2\/users\/5"}],"replies":[{"embeddable":true,"href":"https:\/\/simex.es\/fr\/wp-json\/wp\/v2\/comments?post=330225"}],"version-history":[{"count":1,"href":"https:\/\/simex.es\/fr\/wp-json\/wp\/v2\/posts\/330225\/revisions"}],"predecessor-version":[{"id":330226,"href":"https:\/\/simex.es\/fr\/wp-json\/wp\/v2\/posts\/330225\/revisions\/330226"}],"wp:featuredmedia":[{"embeddable":true,"href":"https:\/\/simex.es\/fr\/wp-json\/wp\/v2\/media\/330192"}],"wp:attachment":[{"href":"https:\/\/simex.es\/fr\/wp-json\/wp\/v2\/media?parent=330225"}],"wp:term":[{"taxonomy":"category","embeddable":true,"href":"https:\/\/simex.es\/fr\/wp-json\/wp\/v2\/categories?post=330225"},{"taxonomy":"post_tag","embeddable":true,"href":"https:\/\/simex.es\/fr\/wp-json\/wp\/v2\/tags?post=330225"}],"curies":[{"name":"wp","href":"https:\/\/api.w.org\/{rel}","templated":true}]}}