{"id":326680,"date":"2024-11-06T13:10:22","date_gmt":"2024-11-06T12:10:22","guid":{"rendered":"https:\/\/simex.es\/?p=326680"},"modified":"2024-11-06T13:24:39","modified_gmt":"2024-11-06T12:24:39","slug":"a-quoi-devraient-ressembler-des-toilettes-accessibles-en-fauteuil-roulant","status":"publish","type":"post","link":"https:\/\/simex.es\/fr\/a-quoi-devraient-ressembler-des-toilettes-accessibles-en-fauteuil-roulant\/","title":{"rendered":"\u00c0 quoi devraient ressembler des toilettes accessibles en fauteuil roulant ?"},"content":{"rendered":"\n\n\n<p>Les toilettes adapt\u00e9es aux fauteuils roulants sont un \u00e9l\u00e9ment essentiel pour garantir l&#8217;accessibilit\u00e9 des personnes \u00e0 mobilit\u00e9 r\u00e9duite dans les espaces publics et priv\u00e9s, car elles contribuent \u00e0 \u00e9liminer les barri\u00e8res physiques et sociales. L&#8217;accessibilit\u00e9 des espaces publics est un sujet sur lequel <a href=\"https:\/\/simex.es\/\">Simex<\/a> est tr\u00e8s engag\u00e9, car il est tr\u00e8s important que toutes les personnes \u00e0 mobilit\u00e9 r\u00e9duite qui ont besoin d&#8217;un fauteuil roulant pour se d\u00e9placer puissent utiliser les toilettes de mani\u00e8re confortable et, surtout, en toute s\u00e9curit\u00e9. C&#8217;est la raison pour laquelle, tout au long de cet article, nous allons parler en d\u00e9tail des caract\u00e9ristiques que doivent avoir les toilettes accessibles en fauteuil roulant.<\/p>\n\n\n\n<figure class=\"wp-block-image size-large\"><img decoding=\"async\" src=\"http:\/\/simex.es\/wp-content\/uploads\/2022\/02\/Solution-Trevi-1024x724.png\" alt=\"\"\/><\/figure>\n\n\n\n<h2 class=\"wp-block-heading\"><strong>\u00c0 quoi doivent ressembler les salles de bains pour les personnes \u00e0 mobilit\u00e9 r\u00e9duite ?<\/strong><\/h2>\n\n\n\n<p>Les salles de bains adapt\u00e9es aux fauteuils roulants doivent pr\u00e9senter certaines caract\u00e9ristiques sp\u00e9cifiques et concr\u00e8tes, dont nous allons d\u00e9tailler quelques-unes ci-dessous :<\/p>\n\n\n\n<ul class=\"wp-block-list\">\n<li><strong>Facilit\u00e9 d&#8217;acc\u00e8s :<\/strong> les portes de la salle de bains doivent \u00eatre larges et con\u00e7ues pour s&#8217;ouvrir sans effort. De plus, il est recommand\u00e9 qu&#8217;elles s&#8217;ouvrent vers l&#8217;ext\u00e9rieur.<\/li>\n\n\n\n<li><strong>Espace suffisant :<\/strong> il est essentiel qu&#8217;il y ait suffisamment d&#8217;espace pour que le fauteuil roulant puisse man\u0153uvrer \u00e0 l&#8217;int\u00e9rieur de la salle de bains sans difficult\u00e9. De plus, le sol doit \u00eatre antid\u00e9rapant pour \u00e9viter les chutes.<\/li>\n\n\n\n<li><strong>Barres d&#8217;appui : <\/strong>L&#8217;installation de barres d&#8217;appui sur les murs facilite les d\u00e9placements des utilisateurs de fauteuils roulants. Cependant, elles doivent \u00eatre plac\u00e9es \u00e0 une hauteur accessible et \u00e0 des endroits strat\u00e9giques (nous vous laissons le lien vers le dernier <a href=\"https:\/\/simex.es\/barras-de-ayuda-un-aliado-contra-las-caidas\/\">article de notre blog consacr\u00e9 aux barres d&#8217;appui<\/a>).<\/li>\n\n\n\n<li><strong>Toilettes \u00e0 la bonne hauteur :<\/strong> la distance entre les toilettes et les murs doit \u00eatre suffisante pour permettre l&#8217;acc\u00e8s aux fauteuils roulants.<\/li>\n\n\n\n<li><strong>Lavabo accessible :<\/strong> le lavabo doit avoir la bonne hauteur et l&#8217;espace n\u00e9cessaire en dessous pour accueillir le fauteuil roulant. En outre, les robinets doivent \u00eatre faciles \u00e0 actionner, et il est pr\u00e9f\u00e9rable qu&#8217;ils soient \u00e0 levier ou \u00e0 capteur.<\/li>\n\n\n\n<li><strong>Signalisation visible :<\/strong> les toilettes adapt\u00e9es doivent \u00eatre bien signal\u00e9es par des pictogrammes clairs.<\/li>\n<\/ul>\n\n\n<div data-block-name=\"woocommerce\/product-category\" data-categories=\"[1216,1215,1217,1214,1219,1218]\" data-content-visibility=\"{&quot;image&quot;:true,&quot;title&quot;:true,&quot;price&quot;:false,&quot;rating&quot;:false,&quot;button&quot;:false}\" data-rows=\"1\" class=\"wc-block-grid wp-block-product-category wp-block-woocommerce-product-category wc-block-product-category has-3-columns\"><ul class=\"wc-block-grid__products\"><li class=\"wc-block-grid__product\">\n\t\t\t\t<a href=\"https:\/\/simex.es\/fr\/miroir-avec-cadre-800-x-600\/\" class=\"wc-block-grid__product-link\">\n\t\t\t\t\t\n\t\t\t\t\t<div class=\"wc-block-grid__product-image\"><img loading=\"lazy\" decoding=\"async\" width=\"247\" height=\"296\" src=\"https:\/\/simex.es\/wp-content\/uploads\/2020\/11\/espejo_con_marco_acero_inox_800_600-300x300-1-247x296.webp\" class=\"attachment-woocommerce_thumbnail size-woocommerce_thumbnail\" alt=\"MIROIR AVEC CADRE 800 x 600\" \/><\/div>\n\t\t\t\t\t<div class=\"wc-block-grid__product-title\">MIROIR AVEC CADRE 800 x 600<\/div>\n\t\t\t\t<\/a>\n\t\t\t\t\n\t\t\t\t\n\t\t\t\t\n\t\t\t<\/li><li class=\"wc-block-grid__product\">\n\t\t\t\t<a href=\"https:\/\/simex.es\/fr\/miroir-avec-cadre-700-x-500\/\" class=\"wc-block-grid__product-link\">\n\t\t\t\t\t\n\t\t\t\t\t<div class=\"wc-block-grid__product-image\"><img loading=\"lazy\" decoding=\"async\" width=\"247\" height=\"296\" src=\"https:\/\/simex.es\/wp-content\/uploads\/2020\/11\/espejo_con_marco_acero_inox_700_500-01-300x300-1-247x296.webp\" class=\"attachment-woocommerce_thumbnail size-woocommerce_thumbnail\" alt=\"MIROIR AVEC CADRE 700 x 500\" \/><\/div>\n\t\t\t\t\t<div class=\"wc-block-grid__product-title\">MIROIR AVEC CADRE 700 x 500<\/div>\n\t\t\t\t<\/a>\n\t\t\t\t\n\t\t\t\t\n\t\t\t\t\n\t\t\t<\/li><li class=\"wc-block-grid__product\">\n\t\t\t\t<a href=\"https:\/\/simex.es\/fr\/kit-miroir-pour-inclination-800-x-600\/\" class=\"wc-block-grid__product-link\">\n\t\t\t\t\t\n\t\t\t\t\t<div class=\"wc-block-grid__product-image\"><img loading=\"lazy\" decoding=\"async\" width=\"247\" height=\"296\" src=\"https:\/\/simex.es\/wp-content\/uploads\/2020\/11\/kit_reclinar_espejos_con_marco_-satinado_simex-300x300-1-247x296.webp\" class=\"attachment-woocommerce_thumbnail size-woocommerce_thumbnail\" alt=\"KIT MIROIR POUR INCLINATION 800 x 600\" \/><\/div>\n\t\t\t\t\t<div class=\"wc-block-grid__product-title\">KIT MIROIR POUR INCLINATION 800 x 600<\/div>\n\t\t\t\t<\/a>\n\t\t\t\t\n\t\t\t\t\n\t\t\t\t\n\t\t\t<\/li><\/ul><\/div>\n\n\n<h2 class=\"wp-block-heading\"><strong>Quelles doivent \u00eatre les dimensions des toilettes pour personnes handicap\u00e9es ?<\/strong><\/h2>\n\n\n\n<p>Les dimensions des toilettes adapt\u00e9es aux personnes \u00e0 mobilit\u00e9 r\u00e9duite sont r\u00e9glement\u00e9es en Espagne par la norme UNE41500 et par le code technique de la construction (CTE). Bien qu&#8217;il puisse y avoir de l\u00e9g\u00e8res variations dues \u00e0 des r\u00e9glementations locales diff\u00e9rentes, il s&#8217;agit en g\u00e9n\u00e9ral des dimensions minimales qui doivent \u00eatre respect\u00e9es :<\/p>\n\n\n\n<ul class=\"wp-block-list\">\n<li><strong>Espace g\u00e9n\u00e9ral :<\/strong> La salle de bains doit disposer d&#8217;un espace minimum de 1,5 m de diam\u00e8tre pour la circulation du fauteuil roulant.<\/li>\n\n\n\n<li><strong>Portes : <\/strong>pour faciliter l&#8217;acc\u00e8s, les portes doivent avoir une largeur minimale de 90 cm.<\/li>\n\n\n\n<li><strong>Toilettes :<\/strong> le si\u00e8ge doit \u00eatre situ\u00e9 entre 45 et 50 cm du sol, et un espace libre d&#8217;au moins 75 cm doit \u00eatre laiss\u00e9 devant les toilettes.<\/li>\n\n\n\n<li><strong>Lavabo :<\/strong> Il doit \u00eatre install\u00e9 \u00e0 une hauteur comprise entre 80 et 85 cm du sol, et il doit y avoir un espace libre d&#8217;au moins 70 cm en bas pour permettre l&#8217;acc\u00e8s d&#8217;un fauteuil roulant.<\/li>\n\n\n\n<li><strong>Barres d&#8217;appui :<\/strong> elles doivent \u00eatre install\u00e9es des deux c\u00f4t\u00e9s des toilettes, \u00e0 une hauteur comprise entre 80 et 85 cm.<\/li>\n<\/ul>\n\n\n\n<figure class=\"wp-block-image size-large\"><img decoding=\"async\" src=\"http:\/\/simex.es\/wp-content\/uploads\/2022\/03\/Solucion-Alhambra-1-1024x724.png\" alt=\"\"\/><\/figure>\n\n\n\n<h2 class=\"wp-block-heading\"><strong>Quand est-il obligatoire d&#8217;avoir des toilettes adapt\u00e9es ?<\/strong><\/h2>\n\n\n\n<p>Comme le stipule la <a href=\"https:\/\/www.boe.es\/buscar\/act.php?id=BOE-A-2013-12632\">loi g\u00e9n\u00e9rale sur les droits des personnes handicap\u00e9es et leur inclusion sociale<\/a>, ainsi que le <a href=\"https:\/\/www.codigotecnico.org\/\">code technique de la construction (CTE<\/a>), certains types de b\u00e2timents et d&#8217;\u00e9tablissements doivent disposer de toilettes adapt\u00e9es aux personnes \u00e0 mobilit\u00e9 r\u00e9duite. Il s&#8217;agit des b\u00e2timents suivants :<\/p>\n\n\n<div data-block-name=\"woocommerce\/product-category\" data-categories=\"[1049,1048,1047]\" data-content-visibility=\"{&quot;image&quot;:true,&quot;title&quot;:true,&quot;price&quot;:false,&quot;rating&quot;:false,&quot;button&quot;:true}\" data-rows=\"1\" class=\"wc-block-grid wp-block-product-category wp-block-woocommerce-product-category wc-block-product-category has-3-columns\"><ul class=\"wc-block-grid__products\"><li class=\"wc-block-grid__product\">\n\t\t\t\t<a href=\"https:\/\/simex.es\/fr\/barre-relevable-simple-avec-pied-escamotable-copia\/\" class=\"wc-block-grid__product-link\">\n\t\t\t\t\t\n\t\t\t\t\t<div class=\"wc-block-grid__product-image\"><img loading=\"lazy\" decoding=\"async\" width=\"247\" height=\"296\" src=\"https:\/\/simex.es\/wp-content\/uploads\/2020\/10\/simex_barra_abatible_con_pata_retractil-1-247x296.webp\" class=\"attachment-woocommerce_thumbnail size-woocommerce_thumbnail\" alt=\"Barre relevable avec pied\" \/><\/div>\n\t\t\t\t\t<div class=\"wc-block-grid__product-title\">Barre relevable avec pied<\/div>\n\t\t\t\t<\/a>\n\t\t\t\t\n\t\t\t\t\n\t\t\t\t<div class=\"wp-block-button wc-block-grid__product-add-to-cart\"><a href=\"https:\/\/simex.es\/fr\/barre-relevable-simple-avec-pied-escamotable-copia\/\" aria-label=\"S\u00e9lectionner les options pour &ldquo;Barre relevable avec pied&rdquo;\" data-quantity=\"1\" data-product_id=\"89335\" data-product_sku=\"\" data-price=\"0\" rel=\"nofollow\" class=\"wp-block-button__link  add_to_cart_button\">Choix des options<\/a><\/div>\n\t\t\t<\/li><li class=\"wc-block-grid__product\">\n\t\t\t\t<a href=\"https:\/\/simex.es\/fr\/barre-avec-angle-pour-2-murs-2\/\" class=\"wc-block-grid__product-link\">\n\t\t\t\t\t\n\t\t\t\t\t<div class=\"wc-block-grid__product-image\"><img loading=\"lazy\" decoding=\"async\" width=\"247\" height=\"296\" src=\"https:\/\/simex.es\/wp-content\/uploads\/2018\/08\/simex_barra_angulo_pared_pared_3_puntos_anclaje-300x300-1-247x296.webp\" class=\"attachment-woocommerce_thumbnail size-woocommerce_thumbnail\" alt=\"Barre angle 700x700\" \/><\/div>\n\t\t\t\t\t<div class=\"wc-block-grid__product-title\">Barre angle 700&#215;700<\/div>\n\t\t\t\t<\/a>\n\t\t\t\t\n\t\t\t\t\n\t\t\t\t<div class=\"wp-block-button wc-block-grid__product-add-to-cart\"><a href=\"https:\/\/simex.es\/fr\/barre-avec-angle-pour-2-murs-2\/\" aria-label=\"S\u00e9lectionner les options pour &ldquo;Barre angle 700x700&rdquo;\" data-quantity=\"1\" data-product_id=\"74532\" data-product_sku=\"\" data-price=\"0\" rel=\"nofollow\" class=\"wp-block-button__link  add_to_cart_button\">Choix des options<\/a><\/div>\n\t\t\t<\/li><li class=\"wc-block-grid__product\">\n\t\t\t\t<a href=\"https:\/\/simex.es\/fr\/barre-angle-mur\/\" class=\"wc-block-grid__product-link\">\n\t\t\t\t\t\n\t\t\t\t\t<div class=\"wc-block-grid__product-image\"><img loading=\"lazy\" decoding=\"async\" width=\"247\" height=\"296\" src=\"https:\/\/simex.es\/wp-content\/uploads\/2018\/08\/simex_barra_angulo_pared_posicion_izquierda-247x296.webp\" class=\"attachment-woocommerce_thumbnail size-woocommerce_thumbnail\" alt=\"Barre 90\u00ba\" \/><\/div>\n\t\t\t\t\t<div class=\"wc-block-grid__product-title\">Barre 90\u00ba<\/div>\n\t\t\t\t<\/a>\n\t\t\t\t\n\t\t\t\t\n\t\t\t\t<div class=\"wp-block-button wc-block-grid__product-add-to-cart\"><a href=\"https:\/\/simex.es\/fr\/barre-angle-mur\/\" aria-label=\"S\u00e9lectionner les options pour &ldquo;Barre 90\u00ba&rdquo;\" data-quantity=\"1\" data-product_id=\"74623\" data-product_sku=\"\" data-price=\"0\" rel=\"nofollow\" class=\"wp-block-button__link  add_to_cart_button\">Choix des options<\/a><\/div>\n\t\t\t<\/li><\/ul><\/div>\n\n\n<ul class=\"wp-block-list\">\n<li><strong>B\u00e2timents publics et b\u00e2timents \u00e0 usage public :<\/strong> ce groupe comprend les h\u00f4pitaux, les centres commerciaux, les a\u00e9roports, les gares ou stations de m\u00e9tro, les b\u00e2timents administratifs, les mus\u00e9es, etc.<\/li>\n\n\n\n<li><strong>Locaux d&#8217;h\u00f4tellerie et de restauration :<\/strong> Les restaurants et les bars dont la surface est sup\u00e9rieure \u00e0 100 m\u00e8tres carr\u00e9s doivent disposer de toilettes adapt\u00e9es. En outre, les h\u00f4tels et les h\u00e9bergements touristiques sont \u00e9galement tenus d&#8217;en disposer.<\/li>\n\n\n\n<li><strong>Centres sportifs et locaux de loisirs :<\/strong> tous les locaux ouverts au public, tels que les cin\u00e9mas, les th\u00e9\u00e2tres, les gymnases, les stades de football, de basket-ball ou d&#8217;autres sports, etc. doivent \u00eatre \u00e9quip\u00e9s de toilettes accessibles.<\/li>\n\n\n\n<li><strong>Maisons de repos :<\/strong> ces \u00e9tablissements accueillant un grand nombre de personnes \u00e0 mobilit\u00e9 r\u00e9duite, ils disposent d&#8217;une r\u00e9glementation particuli\u00e8re en mati\u00e8re de toilettes adapt\u00e9es. Nous en parlons en d\u00e9tail dans cet <a href=\"https:\/\/simex.es\/todo-lo-que-necesitas-saber-para-que-tu-bano-geriatrico-cumpla-la-normativa\/\">article de notre blog<\/a>.<\/li>\n\n\n\n<li><strong>Immeubles r\u00e9sidentiels avec parties communes :<\/strong> Les parties communes (piscines, salles de sport&#8230;) des immeubles nouvellement construits doivent \u00eatre \u00e9quip\u00e9es de toilettes pour les personnes \u00e0 mobilit\u00e9 r\u00e9duite.<\/li>\n<\/ul>\n\n\n\n<p>Pour plus de d\u00e9tails sur cette question, nous avons publi\u00e9 sur notre blog un <a href=\"https:\/\/simex.es\/que-locales-estan-obligados-a-tener-un-bano-adaptado\/\">article<\/a> qui traite sp\u00e9cifiquement des locaux qui doivent obligatoirement \u00eatre \u00e9quip\u00e9s de toilettes adapt\u00e9es.<\/p>\n\n\n\n<p><strong>Meubles de salle de bain adapt\u00e9s<\/strong><\/p>\n\n\n\n<p>Pour \u00e9quiper les salles de bains adapt\u00e9es aux fauteuils roulants, il faut du mobilier sp\u00e9cifique, que vous pouvez trouver chez <a href=\"https:\/\/simex.es\/\">Simex<\/a>. Parmi les produits que nous proposons pour les salles de bains adapt\u00e9es, citons les <a href=\"https:\/\/simex.es\/ayudas-tecnicas\/asientos-de-ducha\/\">chaises de douche<\/a>, les <a href=\"https:\/\/simex.es\/ayudas-tecnicas\/espejos-con-marco\/\">miroirs inclinables<\/a>, les <a href=\"https:\/\/simex.es\/ayudas-tecnicas\/conjuntos-de-lavamanos\/\">ensembles de lavabos<\/a>, les <a href=\"https:\/\/simex.es\/barras-de-acero-inoxidable-y-ayudas-tecnicas\/\">barres d&#8217;appui<\/a> et les <a href=\"https:\/\/simex.es\/ayudas-tecnicas\/inodoros-2\/\">toilettes<\/a>. Vous pouvez \u00e9galement consulter notre catalogue complet d&#8217;<a href=\"https:\/\/simex.es\/ayudas-tecnicas\/\">aides techniques<\/a> ici.<\/p>\n\n\n\n<p>Il est \u00e0 noter que tous ces produits sont strictement conformes \u00e0 la r\u00e9glementation en mati\u00e8re d&#8217;accessibilit\u00e9 et sont con\u00e7us pour am\u00e9liorer la s\u00e9curit\u00e9 et la qualit\u00e9 de vie des personnes \u00e0 mobilit\u00e9 r\u00e9duite.<\/p>\n\n\n\n<figure class=\"wp-block-embed is-type-video is-provider-youtube wp-block-embed-youtube wp-embed-aspect-16-9 wp-has-aspect-ratio\"><div class=\"wp-block-embed__wrapper\">\n<iframe loading=\"lazy\" title=\"Barra de ayuda para ba\u00f1o adaptado\" width=\"1020\" height=\"574\" src=\"https:\/\/www.youtube.com\/embed\/n2yBDSliWj0?feature=oembed\" frameborder=\"0\" allow=\"accelerometer; autoplay; clipboard-write; encrypted-media; gyroscope; picture-in-picture; web-share\" referrerpolicy=\"strict-origin-when-cross-origin\" allowfullscreen><\/iframe>\n<\/div><\/figure>\n\n\n\n<p><strong>Nous contacter<\/strong><\/p>\n\n\n\n<p>Nous esp\u00e9rons que cet article vous a int\u00e9ress\u00e9 et, comme toujours, si vous souhaitez passer une commande, si vous avez des questions ou si vous avez besoin de plus d&#8217;informations sur l&#8217;un de nos produits, n&#8217;h\u00e9sitez pas \u00e0 nous <a href=\"https:\/\/simex.es\/contacto\/\">contacter<\/a>, nous serons ravis de vous aider !<\/p>\n\n\n\n<figure class=\"wp-block-image size-large\"><img decoding=\"async\" src=\"http:\/\/simex.es\/wp-content\/uploads\/2022\/02\/Solucion-Giralda-1024x724.png\" alt=\"\"\/><\/figure>\n","protected":false},"excerpt":{"rendered":"<p>Les toilettes adapt\u00e9es aux fauteuils roulants sont un \u00e9l\u00e9ment essentiel pour garantir l&#8217;accessibilit\u00e9 des personnes \u00e0 mobilit\u00e9 r\u00e9duite dans les espaces publics et priv\u00e9s, car elles contribuent \u00e0 \u00e9liminer les barri\u00e8res physiques et sociales. L&#8217;accessibilit\u00e9 des espaces publics est un sujet sur lequel Simex est tr\u00e8s engag\u00e9, car il est tr\u00e8s important que toutes les [&#8230;]\n","protected":false},"author":5,"featured_media":145995,"comment_status":"closed","ping_status":"open","sticky":false,"template":"","format":"standard","meta":{"footnotes":""},"categories":[1390,440,1397],"tags":[645],"class_list":["post-326680","post","type-post","status-publish","format-standard","has-post-thumbnail","hentry","category-accessibilite","category-non-classe","category-simex-fr","tag-accesibilidad-fr"],"_links":{"self":[{"href":"https:\/\/simex.es\/fr\/wp-json\/wp\/v2\/posts\/326680","targetHints":{"allow":["GET"]}}],"collection":[{"href":"https:\/\/simex.es\/fr\/wp-json\/wp\/v2\/posts"}],"about":[{"href":"https:\/\/simex.es\/fr\/wp-json\/wp\/v2\/types\/post"}],"author":[{"embeddable":true,"href":"https:\/\/simex.es\/fr\/wp-json\/wp\/v2\/users\/5"}],"replies":[{"embeddable":true,"href":"https:\/\/simex.es\/fr\/wp-json\/wp\/v2\/comments?post=326680"}],"version-history":[{"count":1,"href":"https:\/\/simex.es\/fr\/wp-json\/wp\/v2\/posts\/326680\/revisions"}],"predecessor-version":[{"id":326681,"href":"https:\/\/simex.es\/fr\/wp-json\/wp\/v2\/posts\/326680\/revisions\/326681"}],"wp:featuredmedia":[{"embeddable":true,"href":"https:\/\/simex.es\/fr\/wp-json\/wp\/v2\/media\/145995"}],"wp:attachment":[{"href":"https:\/\/simex.es\/fr\/wp-json\/wp\/v2\/media?parent=326680"}],"wp:term":[{"taxonomy":"category","embeddable":true,"href":"https:\/\/simex.es\/fr\/wp-json\/wp\/v2\/categories?post=326680"},{"taxonomy":"post_tag","embeddable":true,"href":"https:\/\/simex.es\/fr\/wp-json\/wp\/v2\/tags?post=326680"}],"curies":[{"name":"wp","href":"https:\/\/api.w.org\/{rel}","templated":true}]}}