{"id":245942,"date":"2023-10-02T10:38:47","date_gmt":"2023-10-02T08:38:47","guid":{"rendered":"https:\/\/simex.es\/?p=245942"},"modified":"2024-03-06T10:35:16","modified_gmt":"2024-03-06T09:35:16","slug":"types-rechauds-dexterieur","status":"publish","type":"post","link":"https:\/\/simex.es\/fr\/types-rechauds-dexterieur\/","title":{"rendered":"Types r\u00e9chauds d&#8217;ext\u00e9rieur"},"content":{"rendered":"<h1><strong><span style=\"color: #ff6600;\">R\u00e9chauds d&#8217;ext\u00e9rieur : quel mod\u00e8le choisir ?<\/span><\/strong><\/h1>\n<div>Avec l&#8217;arriv\u00e9e de l&#8217;automne, nous avons laiss\u00e9 derri\u00e8re nous les journ\u00e9es chaudes du printemps et de l&#8217;\u00e9t\u00e9, pour laisser place \u00e0 une p\u00e9riode de l&#8217;ann\u00e9e o\u00f9 nous serons accompagn\u00e9s par des temp\u00e9ratures glaciales pendant quelques mois pendant lesquels la plupart des activit\u00e9s seront r\u00e9alis\u00e9es \u00e0 l&#8217;int\u00e9rieur, mais pourquoi devrions-nous renoncer \u00e0 passer du temps \u00e0 l&#8217;ext\u00e9rieur lorsque nous pouvons lutter contre le froid avec un r\u00e9chaud d&#8217;ext\u00e9rieur ? Dans cet article, nous allons vous aider \u00e0 choisir celui qui s&#8217;adapte le mieux \u00e0 votre espace ext\u00e9rieur ou \u00e0 votre terrasse, afin que vous puissiez prolonger vos ap\u00e9ritifs ou profiter d&#8217;un d\u00eener dans une atmosph\u00e8re confortable et \u00e0 une temp\u00e9rature id\u00e9ale.<\/div>\n<div><\/div>\n<div><\/div>\n<div>\n<h2><strong><span style=\"color: #ff6600;\">Le meilleur syst\u00e8me de chauffage pour les espaces ext\u00e9rieurs<\/span><\/strong><\/h2>\n<div><\/div>\n<div>Chez<span style=\"color: #ff6600;\"><a style=\"color: #ff6600;\" href=\"http:\/\/www.simex.es\/fr\"> Simex<\/a>,<\/span> nous vous offrons le meilleur syst\u00e8me de chauffage pour les espaces ext\u00e9rieurs, car nous disposons de cuisini\u00e8res \u00e0 gaz butane et propane. En outre, nos r\u00e9chauds pour terrasses et ext\u00e9rieurs sont disponibles en deux mod\u00e8les : le r\u00e9chaud champignon et le r\u00e9chaud pyramide. Il convient de noter que les deux peuvent \u00eatre facilement d\u00e9plac\u00e9s gr\u00e2ce \u00e0 leurs roues, une caract\u00e9ristique qui permet de s&#8217;adapter aux besoins de chaque moment. D&#8217;autre part, et c&#8217;est tr\u00e8s important, tous nos r\u00e9chauds d&#8217;ext\u00e9rieur sont dot\u00e9s d&#8217;un syst\u00e8me de s\u00e9curit\u00e9 en cas de renversement et comprennent un r\u00e9gulateur, un tuyau et des roulettes.<\/div>\n<\/div>\n<div><\/div>\n<div><\/div>\n<div>\n<h2><strong><span style=\"color: #ff6600;\">Ce qu&#8217;il faut prendre en compte avant d&#8217;installer un appareil de chauffage ext\u00e9rieur<\/span><\/strong><\/h2>\n<div><\/div>\n<div>Avant d&#8217;installer un r\u00e9chaud dans un espace ext\u00e9rieur, vous devez avoir planifi\u00e9 un certain nombre de choses \u00e0 l&#8217;avance. D&#8217;une part, vous devez d\u00e9terminer le nombre de r\u00e9chauds dont vous avez besoin, car vous devez tenir compte du fait que chacun d&#8217;entre eux a une surface de couverture comprise entre 20 et 25 m\u00e8tres carr\u00e9s. De m\u00eame, si la terrasse \u00e0 couvrir a, par exemple, une surface de 100 m2, il faudra quatre cuisini\u00e8res pour obtenir une climatisation optimale de tout l&#8217;espace. Au moment de les placer, il faudra les espacer suffisamment pour couvrir toute la surface (il est important de noter que, pour des raisons de s\u00e9curit\u00e9, les cuisini\u00e8res doivent toujours \u00eatre espac\u00e9es d&#8217;au moins un m\u00e8tre).<\/div>\n<div><\/div>\n<div>D&#8217;autre part, il est essentiel de suivre toutes les instructions de s\u00e9curit\u00e9 de la cuisini\u00e8re que vous choisissez d&#8217;acheter avant de l&#8217;installer, et de toujours consulter au pr\u00e9alable les r\u00e9glementations de la commune concernant l&#8217;utilisation et les autorisations d&#8217;installation de ce type de produit.<\/div>\n<\/div>\n<div><\/div>\n<div><\/div>\n<div>\n<h2><strong><span style=\"color: #ff6600;\">Diff\u00e9rents mod\u00e8les de cuisini\u00e8res d&#8217;ext\u00e9rieur<\/span><\/strong><\/h2>\n<div><\/div>\n<div>Nous allons vous pr\u00e9senter les options que nous proposons chez Simex afin que vous puissiez les conna\u00eetre et choisir ensuite le mod\u00e8le qui s&#8217;adapte le mieux \u00e0 vos besoins.<\/div>\n<div><\/div>\n<ul>\n<li><a href=\"https:\/\/simex.es\/fr\/chauffages-dexterieur-2\/\"><strong><span style=\"color: #ff6600;\">Cuisini\u00e8re d&#8217;ext\u00e9rieur pyramidale:<\/span><\/strong><\/a>Fabriqu\u00e9e en acier inoxydable avec une finition aseptis\u00e9e anti-traces de doigts, son combustible est le butane\/propane. Sa surface de couverture est de 20 m2. En cas de renversement, le boyau est coup\u00e9 et il peut \u00eatre d\u00e9plac\u00e9 sur roues.<\/li>\n<\/ul>\n<div><\/div>\n<div>\t\n  \n    <div class=\"row large-columns-4 medium-columns-3 small-columns-2 row-small has-shadow row-box-shadow-1 row-box-shadow-3-hover slider row-slider slider-nav-reveal slider-nav-push\"  data-flickity-options='{&quot;imagesLoaded&quot;: true, &quot;groupCells&quot;: &quot;100%&quot;, &quot;dragThreshold&quot; : 5, &quot;cellAlign&quot;: &quot;left&quot;,&quot;wrapAround&quot;: true,&quot;prevNextButtons&quot;: true,&quot;percentPosition&quot;: true,&quot;pageDots&quot;: false, &quot;rightToLeft&quot;: false, &quot;autoPlay&quot; : false}' >\n\n  \n\t     <div class=\"product-small col has-hover product type-product post-45290 status-publish first instock product_cat-chauffages-dexterieur-fr product_tag-relacionado-08016-fr has-post-thumbnail product-type-simple\">\n\t<div class=\"col-inner\">\n\t\n<div class=\"badge-container absolute left top z-1\">\n\n<\/div>\n\t<div class=\"product-small box \">\n\t\t<div class=\"box-image\">\n\t\t\t<div class=\"image-fade_in_back\">\n\t\t\t\t<a href=\"https:\/\/simex.es\/fr\/chauffages-dexterieur-2\/\">\n\t\t\t\t\t<img loading=\"lazy\" decoding=\"async\" width=\"247\" height=\"296\" src=\"https:\/\/simex.es\/wp-content\/uploads\/2017\/12\/08015_web-247x296.jpg\" class=\"attachment-woocommerce_thumbnail size-woocommerce_thumbnail\" alt=\"Chauffage d&#039;ext\u00e9rieur - Pyramidal\" \/>\t\t\t\t<\/a>\n\t\t\t<\/div>\n\t\t\t<div class=\"image-tools is-small top right show-on-hover\">\n\t\t\t\t\t\t\t<\/div>\n\t\t\t<div class=\"image-tools is-small hide-for-small bottom left show-on-hover\">\n\t\t\t\t\t\t\t<\/div>\n\t\t\t<div class=\"image-tools grid-tools text-center hide-for-small bottom hover-slide-in show-on-hover\">\n\t\t\t\t\t\t\t<\/div>\n\t\t\t\t\t<\/div>\n\n\t\t<div class=\"box-text box-text-products\">\n\t\t\t<div class=\"title-wrapper\">\t\t<p class=\"category uppercase is-smaller no-text-overflow product-cat op-8\">\n\t\t\tCHAUFFAGES D&#039;EXT\u00c9RIEUR\t\t<\/p>\n\t<p class=\"name product-title woocommerce-loop-product__title\"><a href=\"https:\/\/simex.es\/fr\/chauffages-dexterieur-2\/\" class=\"woocommerce-LoopProduct-link woocommerce-loop-product__link\">Chauffage d&#8217;ext\u00e9rieur &#8211; Pyramidal<\/a><\/p><\/div><div class=\"price-wrapper\">\n<\/div>\t\t<\/div>\n\t<\/div>\n\t\t<\/div>\n<\/div><\/div><\/div>\n<div><\/div>\n<ul>\n<li><span style=\"color: #ff6600;\"><strong>Champignonni\u00e8re d&#8217;ext\u00e9rieur (disponibl<span style=\"color: #ff6600;\">e<a style=\"color: #ff6600;\" href=\"https:\/\/simex.es\/fr\/chauffage-dexterieur-parasol\/\"> en noir<\/a> ou en <a style=\"color: #ff6600;\" href=\"https:\/\/simex.es\/fr\/chauffages-dexterieur\/\">finition brillante)<\/a><\/span>:<\/strong><\/span> Fabriqu\u00e9e en acier inoxydable, elle fonctionne \u00e9galement au butane\/propane. Sa surface de couverture est de 25 m2 et, comme pour le po\u00eale pyramidal, il est dot\u00e9 d&#8217;un dispositif d&#8217;arr\u00eat du gaz en cas de renversement et peut \u00eatre d\u00e9plac\u00e9 \u00e0 l&#8217;aide de roues.<\/li>\n<\/ul>\n<div><\/div>\n<div>\t\n  \n    <div class=\"row large-columns-4 medium-columns-3 small-columns-2 row-small has-shadow row-box-shadow-1 row-box-shadow-3-hover slider row-slider slider-nav-reveal slider-nav-push\"  data-flickity-options='{&quot;imagesLoaded&quot;: true, &quot;groupCells&quot;: &quot;100%&quot;, &quot;dragThreshold&quot; : 5, &quot;cellAlign&quot;: &quot;left&quot;,&quot;wrapAround&quot;: true,&quot;prevNextButtons&quot;: true,&quot;percentPosition&quot;: true,&quot;pageDots&quot;: false, &quot;rightToLeft&quot;: false, &quot;autoPlay&quot; : false}' >\n\n  \n\t     <div class=\"product-small col has-hover product type-product post-93110 status-publish instock product_cat-chauffages-dexterieur-fr has-post-thumbnail shipping-taxable purchasable product-type-simple\">\n\t<div class=\"col-inner\">\n\t\n<div class=\"badge-container absolute left top z-1\">\n\n<\/div>\n\t<div class=\"product-small box \">\n\t\t<div class=\"box-image\">\n\t\t\t<div class=\"image-fade_in_back\">\n\t\t\t\t<a href=\"https:\/\/simex.es\/fr\/chauffage-dexterieur-parasol\/\">\n\t\t\t\t\t<img loading=\"lazy\" decoding=\"async\" width=\"247\" height=\"296\" src=\"https:\/\/simex.es\/wp-content\/uploads\/2017\/12\/08026_web-247x296.jpg\" class=\"attachment-woocommerce_thumbnail size-woocommerce_thumbnail\" alt=\"Chauffage d&#039;ext\u00e9rieur - Parasol\" \/>\t\t\t\t<\/a>\n\t\t\t<\/div>\n\t\t\t<div class=\"image-tools is-small top right show-on-hover\">\n\t\t\t\t\t\t\t<\/div>\n\t\t\t<div class=\"image-tools is-small hide-for-small bottom left show-on-hover\">\n\t\t\t\t\t\t\t<\/div>\n\t\t\t<div class=\"image-tools grid-tools text-center hide-for-small bottom hover-slide-in show-on-hover\">\n\t\t\t\t\t\t\t<\/div>\n\t\t\t\t\t<\/div>\n\n\t\t<div class=\"box-text box-text-products\">\n\t\t\t<div class=\"title-wrapper\">\t\t<p class=\"category uppercase is-smaller no-text-overflow product-cat op-8\">\n\t\t\tCHAUFFAGES D&#039;EXT\u00c9RIEUR\t\t<\/p>\n\t<p class=\"name product-title woocommerce-loop-product__title\"><a href=\"https:\/\/simex.es\/fr\/chauffage-dexterieur-parasol\/\" class=\"woocommerce-LoopProduct-link woocommerce-loop-product__link\">Chauffage d&#8217;ext\u00e9rieur &#8211; Parasol<\/a><\/p><\/div><div class=\"price-wrapper\">\n\t<span class=\"price\"><span class=\"woocommerce-Price-amount amount\"><bdi>0,00<span class=\"woocommerce-Price-currencySymbol\">&euro;<\/span><\/bdi><\/span><\/span>\n<\/div>\t\t<\/div>\n\t<\/div>\n\t\t<\/div>\n<\/div><div class=\"product-small col has-hover product type-product post-75034 status-publish last instock product_cat-chauffages-dexterieur-fr has-post-thumbnail shipping-taxable purchasable product-type-simple\">\n\t<div class=\"col-inner\">\n\t\n<div class=\"badge-container absolute left top z-1\">\n\n<\/div>\n\t<div class=\"product-small box \">\n\t\t<div class=\"box-image\">\n\t\t\t<div class=\"image-fade_in_back\">\n\t\t\t\t<a href=\"https:\/\/simex.es\/fr\/chauffages-dexterieur\/\">\n\t\t\t\t\t<img loading=\"lazy\" decoding=\"async\" width=\"247\" height=\"296\" src=\"https:\/\/simex.es\/wp-content\/uploads\/2017\/12\/08016_web-247x296.jpg\" class=\"attachment-woocommerce_thumbnail size-woocommerce_thumbnail\" alt=\"Chauffage d&#039;ext\u00e9rieur - Parasol\" \/>\t\t\t\t<\/a>\n\t\t\t<\/div>\n\t\t\t<div class=\"image-tools is-small top right show-on-hover\">\n\t\t\t\t\t\t\t<\/div>\n\t\t\t<div class=\"image-tools is-small hide-for-small bottom left show-on-hover\">\n\t\t\t\t\t\t\t<\/div>\n\t\t\t<div class=\"image-tools grid-tools text-center hide-for-small bottom hover-slide-in show-on-hover\">\n\t\t\t\t\t\t\t<\/div>\n\t\t\t\t\t<\/div>\n\n\t\t<div class=\"box-text box-text-products\">\n\t\t\t<div class=\"title-wrapper\">\t\t<p class=\"category uppercase is-smaller no-text-overflow product-cat op-8\">\n\t\t\tCHAUFFAGES D&#039;EXT\u00c9RIEUR\t\t<\/p>\n\t<p class=\"name product-title woocommerce-loop-product__title\"><a href=\"https:\/\/simex.es\/fr\/chauffages-dexterieur\/\" class=\"woocommerce-LoopProduct-link woocommerce-loop-product__link\">Chauffage d&#8217;ext\u00e9rieur &#8211; Parasol<\/a><\/p><\/div><div class=\"price-wrapper\">\n\t<span class=\"price\"><span class=\"woocommerce-Price-amount amount\"><bdi>0,00<span class=\"woocommerce-Price-currencySymbol\">&euro;<\/span><\/bdi><\/span><\/span>\n<\/div>\t\t<\/div>\n\t<\/div>\n\t\t<\/div>\n<\/div><\/div><\/div>\n<\/div>\n<div>\n<h2><\/h2>\n<h2><\/h2>\n<h2><strong><span style=\"color: #ff6600;\">Diff\u00e9rences entre le butane et le propane<\/span><\/strong><\/h2>\n<div><\/div>\n<div>Comme vous l&#8217;avez lu, nos cuisini\u00e8res peuvent \u00eatre utilis\u00e9es avec du butane ou du propane. Connaissez-vous les diff\u00e9rences entre les deux ? Nous vous l&#8217;expliquons, prenez note !<\/div>\n<div><\/div>\n<div>Pour pr\u00e9senter ces deux combustibles, il faut savoir qu&#8217;il s&#8217;agit d&#8217;hydrocarbures de la famille des alcanes extraits lors du fractionnement du p\u00e9trole et du gaz naturel. Tous deux sont cependant m\u00e9lang\u00e9s pour am\u00e9liorer leurs propri\u00e9t\u00e9s : le gaz butane disponible dans le commerce est compos\u00e9 de 60 % de butane, de 30 % d&#8217;isobutane et de 10 % de propane ; le propane est compos\u00e9 de 80 % de propane et du reste des hydrocarbures en C4 tels que le butane et l&#8217;isobutane.<\/div>\n<div><\/div>\n<div>L&#8217;une des diff\u00e9rences les plus notables entre les deux est leur r\u00e9sistance aux basses temp\u00e9ratures. Bien qu&#8217;ils aient tous deux un pouvoir calorifique \u00e9lev\u00e9, en raison de leur point d&#8217;\u00e9bullition \u00e9lev\u00e9, le butane n&#8217;est pas recommand\u00e9 pour les r\u00e9gions tr\u00e8s froides, car la bouteille peut cesser de d\u00e9gager des gaz \u00e0 cause du froid. Le propane, quant \u00e0 lui, convient \u00e0 tout type de climat.<\/div>\n<div><\/div>\n<div>D&#8217;autre part, il faut \u00e9galement tenir compte du fait que le butane n&#8217;est vendu qu&#8217;en bouteilles, tandis que le propane est vendu en bouteilles, en canalisations ou en vrac.<\/div>\n<\/div>\n<div><\/div>\n<div>\n<h2><span style=\"color: #ff6600;\"><strong>Contact avec nous<\/strong><\/span><\/h2>\n<div><\/div>\n<div>Si vous souhaitez passer une commande, si vous avez des questions ou si vous avez besoin de plus d&#8217;informations sur l&#8217;un de nos produits, n&#8217;h\u00e9sitez pas \u00e0 <a href=\"https:\/\/simex.es\/contacto\/\">nous contacter et nous<\/a> vous attendons !<\/div>\n<\/div>\n","protected":false},"excerpt":{"rendered":"<p>R\u00e9chauds d&#8217;ext\u00e9rieur : quel mod\u00e8le choisir ? Avec l&#8217;arriv\u00e9e de l&#8217;automne, nous avons laiss\u00e9 derri\u00e8re nous les journ\u00e9es chaudes du printemps et de l&#8217;\u00e9t\u00e9, pour laisser place \u00e0 une p\u00e9riode de l&#8217;ann\u00e9e o\u00f9 nous serons accompagn\u00e9s par des temp\u00e9ratures glaciales pendant quelques mois pendant lesquels la plupart des activit\u00e9s seront r\u00e9alis\u00e9es \u00e0 l&#8217;int\u00e9rieur, mais pourquoi [&#8230;]\n","protected":false},"author":5,"featured_media":245322,"comment_status":"closed","ping_status":"open","sticky":false,"template":"","format":"standard","meta":{"footnotes":""},"categories":[1393,1395],"tags":[],"class_list":["post-245942","post","type-post","status-publish","format-standard","has-post-thumbnail","hentry","category-industrie-hoteliere","category-produits"],"_links":{"self":[{"href":"https:\/\/simex.es\/fr\/wp-json\/wp\/v2\/posts\/245942","targetHints":{"allow":["GET"]}}],"collection":[{"href":"https:\/\/simex.es\/fr\/wp-json\/wp\/v2\/posts"}],"about":[{"href":"https:\/\/simex.es\/fr\/wp-json\/wp\/v2\/types\/post"}],"author":[{"embeddable":true,"href":"https:\/\/simex.es\/fr\/wp-json\/wp\/v2\/users\/5"}],"replies":[{"embeddable":true,"href":"https:\/\/simex.es\/fr\/wp-json\/wp\/v2\/comments?post=245942"}],"version-history":[{"count":0,"href":"https:\/\/simex.es\/fr\/wp-json\/wp\/v2\/posts\/245942\/revisions"}],"wp:featuredmedia":[{"embeddable":true,"href":"https:\/\/simex.es\/fr\/wp-json\/wp\/v2\/media\/245322"}],"wp:attachment":[{"href":"https:\/\/simex.es\/fr\/wp-json\/wp\/v2\/media?parent=245942"}],"wp:term":[{"taxonomy":"category","embeddable":true,"href":"https:\/\/simex.es\/fr\/wp-json\/wp\/v2\/categories?post=245942"},{"taxonomy":"post_tag","embeddable":true,"href":"https:\/\/simex.es\/fr\/wp-json\/wp\/v2\/tags?post=245942"}],"curies":[{"name":"wp","href":"https:\/\/api.w.org\/{rel}","templated":true}]}}