{"id":212670,"date":"2023-05-24T08:11:38","date_gmt":"2023-05-24T06:11:38","guid":{"rendered":"https:\/\/simex.es\/?p=212670"},"modified":"2024-03-06T10:35:38","modified_gmt":"2024-03-06T09:35:38","slug":"nous-vous-remercions-de-votre-visite-a-pulire-2023-a-milan","status":"publish","type":"post","link":"https:\/\/simex.es\/fr\/nous-vous-remercions-de-votre-visite-a-pulire-2023-a-milan\/","title":{"rendered":"Nous vous remercions de votre visite \u00e0 Pulire 2023 \u00e0 Milan."},"content":{"rendered":"<p>Chers visiteurs et clients,<\/p>\n<p>Nous vous sommes profond\u00e9ment reconnaissants de votre soutien et de votre pr\u00e9sence lors de notre participation au salon <strong>ISSA Pulire \u00e0 Milan.<\/strong> Ce fut un v\u00e9ritable honneur pour nous de recevoir chacun d&#8217;entre vous \u00e0 notre stand et de pouvoir \u00e9tablir des liens significatifs.<\/p>\n<p>Au cours de ces journ\u00e9es intenses, nous avons eu l&#8217;occasion de vous pr\u00e9senter nos derni\u00e8res <strong>innovations et solutions pour les espaces publics.<\/strong> Votre int\u00e9r\u00eat, vos questions et vos commentaires nous ont inspir\u00e9s et motiv\u00e9s pour continuer \u00e0 chercher de <strong>nouvelles fa\u00e7ons d&#8217;am\u00e9liorer et de r\u00e9pondre \u00e0 vos besoins.<\/strong><\/p>\n<p>Nous tenons tout particuli\u00e8rement \u00e0 remercier tous ceux qui ont pris le temps de<strong> visiter notre stand et de d\u00e9couvrir nos produits et services.<\/strong> Ce fut un r\u00e9el plaisir de partager nos connaissances et notre exp\u00e9rience avec vous, et nous esp\u00e9rons sinc\u00e8rement que vous avez trouv\u00e9 <strong>nos solutions utiles et pertinentes pour votre entreprise et vos projets.<\/strong><\/p>\n<p>Enfin, nous tenons \u00e0 remercier <strong>nos clients pour la confiance qu&#8217;ils nous accordent<\/strong>. Votre soutien continu et votre pr\u00e9f\u00e9rence pour nos produits sont la force motrice de notre <strong>recherche constante de l&#8217;excellence et nous motivent \u00e0 d\u00e9passer vos attentes encore et encore.<\/strong><\/p>\n<p>Nous vous disons au revoir avec un profond sentiment de gratitude et le d\u00e9sir d&#8217;aller de l&#8217;avant ensemble. Nous serons toujours l\u00e0 pour vous fournir le meilleur service et les <strong>solutions les plus efficaces dans le domaine des \u00e9quipements pour collectivit\u00e9s.<\/strong><\/p>\n<p>L&#8217;\u00e9quipe Simex<\/p>\n<p><img decoding=\"async\" src=\"http:\/\/simex.es\/wp-content\/uploads\/2023\/05\/777f0a5f-6e74-4f8a-ae8c-a28a9aff38a4.jpg\" alt=\"\" \/><\/p>\n","protected":false},"excerpt":{"rendered":"<p>Chers visiteurs et clients, Nous vous sommes profond\u00e9ment reconnaissants de votre soutien et de votre pr\u00e9sence lors de notre participation au salon ISSA Pulire \u00e0 Milan. Ce fut un v\u00e9ritable honneur pour nous de recevoir chacun d&#8217;entre vous \u00e0 notre stand et de pouvoir \u00e9tablir des liens significatifs. Au cours de ces journ\u00e9es intenses, nous [&#8230;]\n","protected":false},"author":5,"featured_media":212617,"comment_status":"closed","ping_status":"open","sticky":false,"template":"","format":"standard","meta":{"footnotes":""},"categories":[1392,1397],"tags":[],"class_list":["post-212670","post","type-post","status-publish","format-standard","has-post-thumbnail","hentry","category-foires","category-simex-fr"],"_links":{"self":[{"href":"https:\/\/simex.es\/fr\/wp-json\/wp\/v2\/posts\/212670","targetHints":{"allow":["GET"]}}],"collection":[{"href":"https:\/\/simex.es\/fr\/wp-json\/wp\/v2\/posts"}],"about":[{"href":"https:\/\/simex.es\/fr\/wp-json\/wp\/v2\/types\/post"}],"author":[{"embeddable":true,"href":"https:\/\/simex.es\/fr\/wp-json\/wp\/v2\/users\/5"}],"replies":[{"embeddable":true,"href":"https:\/\/simex.es\/fr\/wp-json\/wp\/v2\/comments?post=212670"}],"version-history":[{"count":0,"href":"https:\/\/simex.es\/fr\/wp-json\/wp\/v2\/posts\/212670\/revisions"}],"wp:featuredmedia":[{"embeddable":true,"href":"https:\/\/simex.es\/fr\/wp-json\/wp\/v2\/media\/212617"}],"wp:attachment":[{"href":"https:\/\/simex.es\/fr\/wp-json\/wp\/v2\/media?parent=212670"}],"wp:term":[{"taxonomy":"category","embeddable":true,"href":"https:\/\/simex.es\/fr\/wp-json\/wp\/v2\/categories?post=212670"},{"taxonomy":"post_tag","embeddable":true,"href":"https:\/\/simex.es\/fr\/wp-json\/wp\/v2\/tags?post=212670"}],"curies":[{"name":"wp","href":"https:\/\/api.w.org\/{rel}","templated":true}]}}