{"id":195082,"date":"2023-04-05T16:48:50","date_gmt":"2023-04-05T14:48:50","guid":{"rendered":"https:\/\/simex.es\/?p=195082"},"modified":"2024-03-06T10:35:51","modified_gmt":"2024-03-06T09:35:51","slug":"quels-sont-les-locaux-pour-lesquels-il-est-recommande-dinstaller-des-toilettes-adaptees","status":"publish","type":"post","link":"https:\/\/simex.es\/fr\/quels-sont-les-locaux-pour-lesquels-il-est-recommande-dinstaller-des-toilettes-adaptees\/","title":{"rendered":"Quels sont les locaux pour lesquels il est recommand\u00e9 d&#8217;installer des toilettes adapt\u00e9es?"},"content":{"rendered":"<p>D&#8217;une mani\u00e8re g\u00e9n\u00e9rale, et en fonction de la l\u00e9gislation de chaque pays, chaque fois que des toilettes ou des vestiaires sont n\u00e9cessaires, il doit y avoir au moins une toilette accessible pour 10 unit\u00e9s ou fraction de 10 unit\u00e9s de toilettes install\u00e9es, qui peuvent \u00eatre partag\u00e9es par les deux sexes.<\/p>\n<h2><strong>Toilettes adapt\u00e9es \u00e0 usage public situ\u00e9es dans des locaux de petite taille <\/strong><\/h2>\n<p>\u00c9tant donn\u00e9 que l&#8217;objectif est de faciliter l&#8217;acc\u00e8s et l&#8217;utilisation non discriminatoires, ind\u00e9pendants et s\u00fbrs des toilettes accessibles aux personnes handicap\u00e9es, des solutions alternatives peuvent \u00eatre envisag\u00e9es dans les petits locaux, c&#8217;est-\u00e0-dire les locaux dont la surface d&#8217;utilisation publique ne d\u00e9passe pas 100 m2 et dont l&#8217;occupation par le public ne d\u00e9passe pas 50 personnes, par exemple :<\/p>\n<ul>\n<li><strong>Toilettes \u00e0 usage partag\u00e9.<\/strong> Par exemple, une seule toilette accessible pour les deux sexes, une seule toilette accessible pour chaque sexe, une toilette accessible pour chaque sexe, etc.<\/li>\n<li><strong>Dans les locaux situ\u00e9s dans des centres commerciaux,<\/strong> les toilettes accessibles situ\u00e9es dans les parties communes du centre commercial sont suffisantes, \u00e0 condition que la distance entre les locaux et ces toilettes soit mod\u00e9r\u00e9e.<\/li>\n<\/ul>\n\t\n  \n    <div class=\"row large-columns-4 medium-columns-3 small-columns-2 row-small has-shadow row-box-shadow-1 row-box-shadow-3-hover slider row-slider slider-nav-reveal slider-nav-push\"  data-flickity-options='{&quot;imagesLoaded&quot;: true, &quot;groupCells&quot;: &quot;100%&quot;, &quot;dragThreshold&quot; : 5, &quot;cellAlign&quot;: &quot;left&quot;,&quot;wrapAround&quot;: true,&quot;prevNextButtons&quot;: true,&quot;percentPosition&quot;: true,&quot;pageDots&quot;: false, &quot;rightToLeft&quot;: false, &quot;autoPlay&quot; : false}' >\n\n  \n\t     <div class=\"product-small col has-hover product type-product post-92557 status-publish first instock product_cat-aides-techniques product_cat-miroir-avec-cadre has-post-thumbnail shipping-taxable purchasable product-type-variable\">\n\t<div class=\"col-inner\">\n\t\n<div class=\"badge-container absolute left top z-1\">\n\n<\/div>\n\t<div class=\"product-small box \">\n\t\t<div class=\"box-image\">\n\t\t\t<div class=\"image-fade_in_back\">\n\t\t\t\t<a href=\"https:\/\/simex.es\/fr\/miroir-avec-cadre-800-x-600\/\">\n\t\t\t\t\t<img loading=\"lazy\" decoding=\"async\" width=\"247\" height=\"296\" src=\"https:\/\/simex.es\/wp-content\/uploads\/2020\/11\/espejo_con_marco_acero_inox_800_600-300x300-1-247x296.webp\" class=\"attachment-woocommerce_thumbnail size-woocommerce_thumbnail\" alt=\"MIROIR AVEC CADRE 800 x 600\" \/><img loading=\"lazy\" decoding=\"async\" width=\"247\" height=\"296\" src=\"https:\/\/simex.es\/wp-content\/uploads\/2020\/11\/espejo_con_marco_acero_epoxi_blanco_800_600-247x296.jpg\" class=\"show-on-hover absolute fill hide-for-small back-image\" alt=\"Alternative view of MIROIR AVEC CADRE 800 x 600\" aria-hidden=\"true\" \/>\t\t\t\t<\/a>\n\t\t\t<\/div>\n\t\t\t<div class=\"image-tools is-small top right show-on-hover\">\n\t\t\t\t\t\t\t<\/div>\n\t\t\t<div class=\"image-tools is-small hide-for-small bottom left show-on-hover\">\n\t\t\t\t\t\t\t<\/div>\n\t\t\t<div class=\"image-tools grid-tools text-center hide-for-small bottom hover-slide-in show-on-hover\">\n\t\t\t\t\t\t\t<\/div>\n\t\t\t\t\t<\/div>\n\n\t\t<div class=\"box-text box-text-products\">\n\t\t\t<div class=\"title-wrapper\">\t\t<p class=\"category uppercase is-smaller no-text-overflow product-cat op-8\">\n\t\t\tAIDES TECHNIQUES\t\t<\/p>\n\t<p class=\"name product-title woocommerce-loop-product__title\"><a href=\"https:\/\/simex.es\/fr\/miroir-avec-cadre-800-x-600\/\" class=\"woocommerce-LoopProduct-link woocommerce-loop-product__link\">MIROIR AVEC CADRE 800 x 600<\/a><\/p><\/div><div class=\"price-wrapper\">\n\t<span class=\"price\"><span class=\"woocommerce-Price-amount amount\"><bdi>0,00<span class=\"woocommerce-Price-currencySymbol\">&euro;<\/span><\/bdi><\/span><\/span>\n<\/div>\t\t<\/div>\n\t<\/div>\n\t\t<\/div>\n<\/div><div class=\"product-small col has-hover product type-product post-92531 status-publish instock product_cat-aides-techniques product_cat-miroir-avec-cadre has-post-thumbnail shipping-taxable purchasable product-type-variable\">\n\t<div class=\"col-inner\">\n\t\n<div class=\"badge-container absolute left top z-1\">\n\n<\/div>\n\t<div class=\"product-small box \">\n\t\t<div class=\"box-image\">\n\t\t\t<div class=\"image-fade_in_back\">\n\t\t\t\t<a href=\"https:\/\/simex.es\/fr\/miroir-avec-cadre-700-x-500\/\">\n\t\t\t\t\t<img loading=\"lazy\" decoding=\"async\" width=\"247\" height=\"296\" src=\"https:\/\/simex.es\/wp-content\/uploads\/2020\/11\/espejo_con_marco_acero_inox_700_500-01-300x300-1-247x296.webp\" class=\"attachment-woocommerce_thumbnail size-woocommerce_thumbnail\" alt=\"MIROIR AVEC CADRE 700 x 500\" \/><img loading=\"lazy\" decoding=\"async\" width=\"247\" height=\"296\" src=\"https:\/\/simex.es\/wp-content\/uploads\/2020\/11\/espejo_con_marco_acero_inox_700_500-01-247x296.jpg\" class=\"show-on-hover absolute fill hide-for-small back-image\" alt=\"Alternative view of MIROIR AVEC CADRE 700 x 500\" aria-hidden=\"true\" \/>\t\t\t\t<\/a>\n\t\t\t<\/div>\n\t\t\t<div class=\"image-tools is-small top right show-on-hover\">\n\t\t\t\t\t\t\t<\/div>\n\t\t\t<div class=\"image-tools is-small hide-for-small bottom left show-on-hover\">\n\t\t\t\t\t\t\t<\/div>\n\t\t\t<div class=\"image-tools grid-tools text-center hide-for-small bottom hover-slide-in show-on-hover\">\n\t\t\t\t\t\t\t<\/div>\n\t\t\t\t\t<\/div>\n\n\t\t<div class=\"box-text box-text-products\">\n\t\t\t<div class=\"title-wrapper\">\t\t<p class=\"category uppercase is-smaller no-text-overflow product-cat op-8\">\n\t\t\tAIDES TECHNIQUES\t\t<\/p>\n\t<p class=\"name product-title woocommerce-loop-product__title\"><a href=\"https:\/\/simex.es\/fr\/miroir-avec-cadre-700-x-500\/\" class=\"woocommerce-LoopProduct-link woocommerce-loop-product__link\">MIROIR AVEC CADRE 700 x 500<\/a><\/p><\/div><div class=\"price-wrapper\">\n\t<span class=\"price\"><span class=\"woocommerce-Price-amount amount\"><bdi>0,00<span class=\"woocommerce-Price-currencySymbol\">&euro;<\/span><\/bdi><\/span><\/span>\n<\/div>\t\t<\/div>\n\t<\/div>\n\t\t<\/div>\n<\/div><div class=\"product-small col has-hover product type-product post-92501 status-publish last instock product_cat-aides-techniques product_cat-miroir-avec-cadre has-post-thumbnail shipping-taxable purchasable product-type-variable\">\n\t<div class=\"col-inner\">\n\t\n<div class=\"badge-container absolute left top z-1\">\n\n<\/div>\n\t<div class=\"product-small box \">\n\t\t<div class=\"box-image\">\n\t\t\t<div class=\"image-fade_in_back\">\n\t\t\t\t<a href=\"https:\/\/simex.es\/fr\/kit-miroir-pour-inclination-800-x-600\/\">\n\t\t\t\t\t<img loading=\"lazy\" decoding=\"async\" width=\"247\" height=\"296\" src=\"https:\/\/simex.es\/wp-content\/uploads\/2020\/11\/kit_reclinar_espejos_con_marco_-satinado_simex-300x300-1-247x296.webp\" class=\"attachment-woocommerce_thumbnail size-woocommerce_thumbnail\" alt=\"KIT MIROIR POUR INCLINATION 800 x 600\" \/><img loading=\"lazy\" decoding=\"async\" width=\"247\" height=\"296\" src=\"https:\/\/simex.es\/wp-content\/uploads\/2020\/11\/kit_reclinar_espejos_con_marco_epoxi_blanco_simex-247x296.jpg\" class=\"show-on-hover absolute fill hide-for-small back-image\" alt=\"Alternative view of KIT MIROIR POUR INCLINATION 800 x 600\" aria-hidden=\"true\" \/>\t\t\t\t<\/a>\n\t\t\t<\/div>\n\t\t\t<div class=\"image-tools is-small top right show-on-hover\">\n\t\t\t\t\t\t\t<\/div>\n\t\t\t<div class=\"image-tools is-small hide-for-small bottom left show-on-hover\">\n\t\t\t\t\t\t\t<\/div>\n\t\t\t<div class=\"image-tools grid-tools text-center hide-for-small bottom hover-slide-in show-on-hover\">\n\t\t\t\t\t\t\t<\/div>\n\t\t\t\t\t<\/div>\n\n\t\t<div class=\"box-text box-text-products\">\n\t\t\t<div class=\"title-wrapper\">\t\t<p class=\"category uppercase is-smaller no-text-overflow product-cat op-8\">\n\t\t\tAIDES TECHNIQUES\t\t<\/p>\n\t<p class=\"name product-title woocommerce-loop-product__title\"><a href=\"https:\/\/simex.es\/fr\/kit-miroir-pour-inclination-800-x-600\/\" class=\"woocommerce-LoopProduct-link woocommerce-loop-product__link\">KIT MIROIR POUR INCLINATION 800 x 600<\/a><\/p><\/div><div class=\"price-wrapper\">\n\t<span class=\"price\"><span class=\"woocommerce-Price-amount amount\"><bdi>0,00<span class=\"woocommerce-Price-currencySymbol\">&euro;<\/span><\/bdi><\/span><\/span>\n<\/div>\t\t<\/div>\n\t<\/div>\n\t\t<\/div>\n<\/div><div class=\"product-small col has-hover product type-product post-92489 status-publish first instock product_cat-aides-techniques product_cat-miroir-avec-cadre has-post-thumbnail shipping-taxable purchasable product-type-variable\">\n\t<div class=\"col-inner\">\n\t\n<div class=\"badge-container absolute left top z-1\">\n\n<\/div>\n\t<div class=\"product-small box \">\n\t\t<div class=\"box-image\">\n\t\t\t<div class=\"image-fade_in_back\">\n\t\t\t\t<a href=\"https:\/\/simex.es\/fr\/kit-miroir-pour-inclination-700-x-500\/\">\n\t\t\t\t\t<img loading=\"lazy\" decoding=\"async\" width=\"247\" height=\"296\" src=\"https:\/\/simex.es\/wp-content\/uploads\/2020\/11\/kit_reclinar_espejos_con_marco_-satinado_simex-300x300-1-247x296.webp\" class=\"attachment-woocommerce_thumbnail size-woocommerce_thumbnail\" alt=\"KIT MIROIR POUR INCLINATION 700 x 500\" \/><img loading=\"lazy\" decoding=\"async\" width=\"247\" height=\"296\" src=\"https:\/\/simex.es\/wp-content\/uploads\/2020\/11\/kit_reclinar_espejos_con_marco_epoxi_blanco_simex-247x296.jpg\" class=\"show-on-hover absolute fill hide-for-small back-image\" alt=\"Alternative view of KIT MIROIR POUR INCLINATION 700 x 500\" aria-hidden=\"true\" \/>\t\t\t\t<\/a>\n\t\t\t<\/div>\n\t\t\t<div class=\"image-tools is-small top right show-on-hover\">\n\t\t\t\t\t\t\t<\/div>\n\t\t\t<div class=\"image-tools is-small hide-for-small bottom left show-on-hover\">\n\t\t\t\t\t\t\t<\/div>\n\t\t\t<div class=\"image-tools grid-tools text-center hide-for-small bottom hover-slide-in show-on-hover\">\n\t\t\t\t\t\t\t<\/div>\n\t\t\t\t\t<\/div>\n\n\t\t<div class=\"box-text box-text-products\">\n\t\t\t<div class=\"title-wrapper\">\t\t<p class=\"category uppercase is-smaller no-text-overflow product-cat op-8\">\n\t\t\tAIDES TECHNIQUES\t\t<\/p>\n\t<p class=\"name product-title woocommerce-loop-product__title\"><a href=\"https:\/\/simex.es\/fr\/kit-miroir-pour-inclination-700-x-500\/\" class=\"woocommerce-LoopProduct-link woocommerce-loop-product__link\">KIT MIROIR POUR INCLINATION 700 x 500<\/a><\/p><\/div><div class=\"price-wrapper\">\n\t<span class=\"price\"><span class=\"woocommerce-Price-amount amount\"><bdi>0,00<span class=\"woocommerce-Price-currencySymbol\">&euro;<\/span><\/bdi><\/span><\/span>\n<\/div>\t\t<\/div>\n\t<\/div>\n\t\t<\/div>\n<\/div><div class=\"product-small col has-hover product type-product post-66229 status-publish instock product_cat-aides-techniques product_cat-sieges-de-douche has-post-thumbnail product-type-simple\">\n\t<div class=\"col-inner\">\n\t\n<div class=\"badge-container absolute left top z-1\">\n\n<\/div>\n\t<div class=\"product-small box \">\n\t\t<div class=\"box-image\">\n\t\t\t<div class=\"image-fade_in_back\">\n\t\t\t\t<a href=\"https:\/\/simex.es\/fr\/siege-de-douche-rabatable-avec-fixation-murale\/\">\n\t\t\t\t\t<img loading=\"lazy\" decoding=\"async\" width=\"247\" height=\"296\" src=\"https:\/\/simex.es\/wp-content\/uploads\/2020\/10\/asiento_ducha_pata_pared_acero_inox_satinado_simex-300x300-1-247x296.webp\" class=\"attachment-woocommerce_thumbnail size-woocommerce_thumbnail\" alt=\"Si\u00e8ge pliant avec pied au mur\" \/>\t\t\t\t<\/a>\n\t\t\t<\/div>\n\t\t\t<div class=\"image-tools is-small top right show-on-hover\">\n\t\t\t\t\t\t\t<\/div>\n\t\t\t<div class=\"image-tools is-small hide-for-small bottom left show-on-hover\">\n\t\t\t\t\t\t\t<\/div>\n\t\t\t<div class=\"image-tools grid-tools text-center hide-for-small bottom hover-slide-in show-on-hover\">\n\t\t\t\t\t\t\t<\/div>\n\t\t\t\t\t<\/div>\n\n\t\t<div class=\"box-text box-text-products\">\n\t\t\t<div class=\"title-wrapper\">\t\t<p class=\"category uppercase is-smaller no-text-overflow product-cat op-8\">\n\t\t\tAIDES TECHNIQUES\t\t<\/p>\n\t<p class=\"name product-title woocommerce-loop-product__title\"><a href=\"https:\/\/simex.es\/fr\/siege-de-douche-rabatable-avec-fixation-murale\/\" class=\"woocommerce-LoopProduct-link woocommerce-loop-product__link\">Si\u00e8ge pliant avec pied au mur<\/a><\/p><\/div><div class=\"price-wrapper\">\n<\/div>\t\t<\/div>\n\t<\/div>\n\t\t<\/div>\n<\/div><div class=\"product-small col has-hover product type-product post-66217 status-publish last instock product_cat-aides-techniques product_cat-sieges-de-douche has-post-thumbnail purchasable product-type-variable\">\n\t<div class=\"col-inner\">\n\t\n<div class=\"badge-container absolute left top z-1\">\n\n<\/div>\n\t<div class=\"product-small box \">\n\t\t<div class=\"box-image\">\n\t\t\t<div class=\"image-fade_in_back\">\n\t\t\t\t<a href=\"https:\/\/simex.es\/fr\/siege-de-douche-rabatable-acier-inox-2\/\">\n\t\t\t\t\t<img loading=\"lazy\" decoding=\"async\" width=\"247\" height=\"296\" src=\"https:\/\/simex.es\/wp-content\/uploads\/2020\/10\/asiento_ducha_pata_suelo_acero_inox_satinado_simex-600x600-1-247x296.webp\" class=\"attachment-woocommerce_thumbnail size-woocommerce_thumbnail\" alt=\"Si\u00e8ge pliant avec pied pos\u00e9 au sol\" \/><img loading=\"lazy\" decoding=\"async\" width=\"247\" height=\"296\" src=\"https:\/\/simex.es\/wp-content\/uploads\/2017\/11\/asiento_ducha_pata_suelo_acero_epoxy_blanco_simex-247x296.jpg\" class=\"show-on-hover absolute fill hide-for-small back-image\" alt=\"Alternative view of Si\u00e8ge pliant avec pied pos\u00e9 au sol\" aria-hidden=\"true\" \/>\t\t\t\t<\/a>\n\t\t\t<\/div>\n\t\t\t<div class=\"image-tools is-small top right show-on-hover\">\n\t\t\t\t\t\t\t<\/div>\n\t\t\t<div class=\"image-tools is-small hide-for-small bottom left show-on-hover\">\n\t\t\t\t\t\t\t<\/div>\n\t\t\t<div class=\"image-tools grid-tools text-center hide-for-small bottom hover-slide-in show-on-hover\">\n\t\t\t\t\t\t\t<\/div>\n\t\t\t\t\t<\/div>\n\n\t\t<div class=\"box-text box-text-products\">\n\t\t\t<div class=\"title-wrapper\">\t\t<p class=\"category uppercase is-smaller no-text-overflow product-cat op-8\">\n\t\t\tAIDES TECHNIQUES\t\t<\/p>\n\t<p class=\"name product-title woocommerce-loop-product__title\"><a href=\"https:\/\/simex.es\/fr\/siege-de-douche-rabatable-acier-inox-2\/\" class=\"woocommerce-LoopProduct-link woocommerce-loop-product__link\">Si\u00e8ge pliant avec pied pos\u00e9 au sol<\/a><\/p><\/div><div class=\"price-wrapper\">\n\t<span class=\"price\"><span class=\"woocommerce-Price-amount amount\"><bdi>0,00<span class=\"woocommerce-Price-currencySymbol\">&euro;<\/span><\/bdi><\/span><\/span>\n<\/div>\t\t<\/div>\n\t<\/div>\n\t\t<\/div>\n<\/div><div class=\"product-small col has-hover product type-product post-66193 status-publish first instock product_cat-aides-techniques product_cat-sieges-de-douche product_tag-relacionado-02187-fr has-post-thumbnail purchasable product-type-variable\">\n\t<div class=\"col-inner\">\n\t\n<div class=\"badge-container absolute left top z-1\">\n\n<\/div>\n\t<div class=\"product-small box \">\n\t\t<div class=\"box-image\">\n\t\t\t<div class=\"image-fade_in_back\">\n\t\t\t\t<a href=\"https:\/\/simex.es\/fr\/siege-de-douche-rabatable-acier-inox\/\">\n\t\t\t\t\t<img loading=\"lazy\" decoding=\"async\" width=\"247\" height=\"296\" src=\"https:\/\/simex.es\/wp-content\/uploads\/2020\/10\/asiento_ducha_abatible_acero_inox_satinado_simex-300x300-1-247x296.webp\" class=\"attachment-woocommerce_thumbnail size-woocommerce_thumbnail\" alt=\"Si\u00e8ge pliant\" \/><img loading=\"lazy\" decoding=\"async\" width=\"247\" height=\"296\" src=\"https:\/\/simex.es\/wp-content\/uploads\/2017\/11\/asiento_ducha_abatible_acero_inox_epoxy_blanco_simex-247x296.jpg\" class=\"show-on-hover absolute fill hide-for-small back-image\" alt=\"Alternative view of Si\u00e8ge pliant\" aria-hidden=\"true\" \/>\t\t\t\t<\/a>\n\t\t\t<\/div>\n\t\t\t<div class=\"image-tools is-small top right show-on-hover\">\n\t\t\t\t\t\t\t<\/div>\n\t\t\t<div class=\"image-tools is-small hide-for-small bottom left show-on-hover\">\n\t\t\t\t\t\t\t<\/div>\n\t\t\t<div class=\"image-tools grid-tools text-center hide-for-small bottom hover-slide-in show-on-hover\">\n\t\t\t\t\t\t\t<\/div>\n\t\t\t\t\t<\/div>\n\n\t\t<div class=\"box-text box-text-products\">\n\t\t\t<div class=\"title-wrapper\">\t\t<p class=\"category uppercase is-smaller no-text-overflow product-cat op-8\">\n\t\t\tAIDES TECHNIQUES\t\t<\/p>\n\t<p class=\"name product-title woocommerce-loop-product__title\"><a href=\"https:\/\/simex.es\/fr\/siege-de-douche-rabatable-acier-inox\/\" class=\"woocommerce-LoopProduct-link woocommerce-loop-product__link\">Si\u00e8ge pliant<\/a><\/p><\/div><div class=\"price-wrapper\">\n\t<span class=\"price\"><span class=\"woocommerce-Price-amount amount\"><bdi>0,00<span class=\"woocommerce-Price-currencySymbol\">&euro;<\/span><\/bdi><\/span><\/span>\n<\/div>\t\t<\/div>\n\t<\/div>\n\t\t<\/div>\n<\/div><div class=\"product-small col has-hover product type-product post-92323 status-publish instock product_cat-aides-techniques product_cat-sieges-de-douche product_tag-relacionado-02227-fr has-post-thumbnail product-type-simple\">\n\t<div class=\"col-inner\">\n\t\n<div class=\"badge-container absolute left top z-1\">\n\n<\/div>\n\t<div class=\"product-small box \">\n\t\t<div class=\"box-image\">\n\t\t\t<div class=\"image-fade_in_back\">\n\t\t\t\t<a href=\"https:\/\/simex.es\/fr\/siege-de-douche-avec-pied-pose-au-sol\/\">\n\t\t\t\t\t<img loading=\"lazy\" decoding=\"async\" width=\"247\" height=\"296\" src=\"https:\/\/simex.es\/wp-content\/uploads\/2020\/10\/asiento_ducha_con_pata_al_suelo_acero_inox_nylon_blanco-600x600-1-247x296.webp\" class=\"attachment-woocommerce_thumbnail size-woocommerce_thumbnail\" alt=\"Si\u00e8ge pliant avec pied pos\u00e9 au sol\" \/>\t\t\t\t<\/a>\n\t\t\t<\/div>\n\t\t\t<div class=\"image-tools is-small top right show-on-hover\">\n\t\t\t\t\t\t\t<\/div>\n\t\t\t<div class=\"image-tools is-small hide-for-small bottom left show-on-hover\">\n\t\t\t\t\t\t\t<\/div>\n\t\t\t<div class=\"image-tools grid-tools text-center hide-for-small bottom hover-slide-in show-on-hover\">\n\t\t\t\t\t\t\t<\/div>\n\t\t\t\t\t<\/div>\n\n\t\t<div class=\"box-text box-text-products\">\n\t\t\t<div class=\"title-wrapper\">\t\t<p class=\"category uppercase is-smaller no-text-overflow product-cat op-8\">\n\t\t\tAIDES TECHNIQUES\t\t<\/p>\n\t<p class=\"name product-title woocommerce-loop-product__title\"><a href=\"https:\/\/simex.es\/fr\/siege-de-douche-avec-pied-pose-au-sol\/\" class=\"woocommerce-LoopProduct-link woocommerce-loop-product__link\">Si\u00e8ge pliant avec pied pos\u00e9 au sol<\/a><\/p><\/div><div class=\"price-wrapper\">\n<\/div>\t\t<\/div>\n\t<\/div>\n\t\t<\/div>\n<\/div><\/div>\n<h2><strong>Que se passe-t-il dans les b\u00e2timents hautement sp\u00e9cialis\u00e9s ?<\/strong><\/h2>\n<p>Dans le cas de certains b\u00e2timents hautement sp\u00e9cialis\u00e9s, tels que les installations sportives, les h\u00f4pitaux, les maisons de retraite, etc., les caract\u00e9ristiques d&#8217;accessibilit\u00e9 sont d\u00e9finies par des r\u00e9glementations nationales sp\u00e9cifiques en fonction de leur activit\u00e9.<\/p>\n<h3><strong>Caract\u00e9ristiques que doivent avoir les toilettes adapt\u00e9es <\/strong><\/h3>\n<ul>\n<li>Toilettes accessibles.<\/li>\n<li>\u00catre reli\u00e9es \u00e0 un itin\u00e9raire accessible.<\/li>\n<li>Espace de rotation d&#8217;un diam\u00e8tre minimum de 1,50 m libre de tout obstacle.<\/li>\n<li>Des portes qui s&#8217;ouvrent vers l&#8217;ext\u00e9rieur ou des portes coulissantes.<\/li>\n<li>Des barres de soutien, des m\u00e9canismes et des accessoires chromatiquement diff\u00e9renci\u00e9s de l&#8217;environnement.<\/li>\n<\/ul>\n<h2><strong>Quelles sont les recommandations auxquelles doivent r\u00e9pondre les \u00e9l\u00e9ments des toilettes adapt\u00e9es ?<\/strong><\/h2>\n<p>Nous allons passer en revue chacun de ces \u00e9l\u00e9ments et donner des recommandations pour leur installation :<\/p>\n<h3><strong>Appareils sanitaires accessibles <\/strong><\/h3>\n<ul>\n<li><strong>Lavabo :<\/strong> Il doit avoir un espace libre en dessous pour les personnes en fauteuil roulant et ne pas avoir de pi\u00e9destal.<\/li>\n<li><strong>Toilette :<\/strong> l&#8217;espace de transfert lat\u00e9ral doit avoir une largeur d&#8217;environ 80 cm pour permettre la mobilit\u00e9.<\/li>\n<li><strong>Douche :<\/strong> l&#8217;espace de transfert lat\u00e9ral recommand\u00e9 est de 80 cm de large \u00e0 c\u00f4t\u00e9 du si\u00e8ge. Le sol doit \u00eatre au m\u00eame niveau que la pente d&#8217;\u00e9coulement.<\/li>\n<li><strong>Urinoir :<\/strong> lorsqu&#8217;il y a plus de 5 unit\u00e9s, l&#8217;une d&#8217;entre elles doit \u00eatre install\u00e9e plus bas que les autres.<\/li>\n<\/ul>\n\t\n  \n    <div class=\"row large-columns-4 medium-columns-3 small-columns-2 row-small has-shadow row-box-shadow-1 row-box-shadow-3-hover slider row-slider slider-nav-reveal slider-nav-push\"  data-flickity-options='{&quot;imagesLoaded&quot;: true, &quot;groupCells&quot;: &quot;100%&quot;, &quot;dragThreshold&quot; : 5, &quot;cellAlign&quot;: &quot;left&quot;,&quot;wrapAround&quot;: true,&quot;prevNextButtons&quot;: true,&quot;percentPosition&quot;: true,&quot;pageDots&quot;: false, &quot;rightToLeft&quot;: false, &quot;autoPlay&quot; : false}' >\n\n  \n\t     <div class=\"product-small col has-hover product type-product post-51212 status-publish last instock product_cat-aides-techniques product_cat-ensemble-devier product_tag-relacionado-02225-fr has-post-thumbnail product-type-simple\">\n\t<div class=\"col-inner\">\n\t\n<div class=\"badge-container absolute left top z-1\">\n\n<\/div>\n\t<div class=\"product-small box \">\n\t\t<div class=\"box-image\">\n\t\t\t<div class=\"image-fade_in_back\">\n\t\t\t\t<a href=\"https:\/\/simex.es\/fr\/ensemble-3\/\">\n\t\t\t\t\t<img loading=\"lazy\" decoding=\"async\" width=\"247\" height=\"296\" src=\"https:\/\/simex.es\/wp-content\/uploads\/2017\/09\/conjunto_lavabo_fijo_ceramica_blanco_simex-247x296.jpg\" class=\"attachment-woocommerce_thumbnail size-woocommerce_thumbnail\" alt=\"Ensemble \u00e9vier fixe\" \/>\t\t\t\t<\/a>\n\t\t\t<\/div>\n\t\t\t<div class=\"image-tools is-small top right show-on-hover\">\n\t\t\t\t\t\t\t<\/div>\n\t\t\t<div class=\"image-tools is-small hide-for-small bottom left show-on-hover\">\n\t\t\t\t\t\t\t<\/div>\n\t\t\t<div class=\"image-tools grid-tools text-center hide-for-small bottom hover-slide-in show-on-hover\">\n\t\t\t\t\t\t\t<\/div>\n\t\t\t\t\t<\/div>\n\n\t\t<div class=\"box-text box-text-products\">\n\t\t\t<div class=\"title-wrapper\">\t\t<p class=\"category uppercase is-smaller no-text-overflow product-cat op-8\">\n\t\t\tAIDES TECHNIQUES\t\t<\/p>\n\t<p class=\"name product-title woocommerce-loop-product__title\"><a href=\"https:\/\/simex.es\/fr\/ensemble-3\/\" class=\"woocommerce-LoopProduct-link woocommerce-loop-product__link\">Ensemble \u00e9vier fixe<\/a><\/p><\/div><div class=\"price-wrapper\">\n<\/div>\t\t<\/div>\n\t<\/div>\n\t\t<\/div>\n<\/div><div class=\"product-small col has-hover product type-product post-51208 status-publish first instock product_cat-aides-techniques product_cat-ensemble-devier product_tag-relacionado-02225-fr has-post-thumbnail product-type-simple\">\n\t<div class=\"col-inner\">\n\t\n<div class=\"badge-container absolute left top z-1\">\n\n<\/div>\n\t<div class=\"product-small box \">\n\t\t<div class=\"box-image\">\n\t\t\t<div class=\"image-fade_in_back\">\n\t\t\t\t<a href=\"https:\/\/simex.es\/fr\/ensemble-2\/\">\n\t\t\t\t\t<img loading=\"lazy\" decoding=\"async\" width=\"247\" height=\"296\" src=\"https:\/\/simex.es\/wp-content\/uploads\/2017\/09\/conjunto_lavabo_manual_ceramica_blanco_simex-247x296.jpg\" class=\"attachment-woocommerce_thumbnail size-woocommerce_thumbnail\" alt=\"Ensemble \u00e9vier \u00e0 r\u00e9glage manuel\" \/>\t\t\t\t<\/a>\n\t\t\t<\/div>\n\t\t\t<div class=\"image-tools is-small top right show-on-hover\">\n\t\t\t\t\t\t\t<\/div>\n\t\t\t<div class=\"image-tools is-small hide-for-small bottom left show-on-hover\">\n\t\t\t\t\t\t\t<\/div>\n\t\t\t<div class=\"image-tools grid-tools text-center hide-for-small bottom hover-slide-in show-on-hover\">\n\t\t\t\t\t\t\t<\/div>\n\t\t\t\t\t<\/div>\n\n\t\t<div class=\"box-text box-text-products\">\n\t\t\t<div class=\"title-wrapper\">\t\t<p class=\"category uppercase is-smaller no-text-overflow product-cat op-8\">\n\t\t\tAIDES TECHNIQUES\t\t<\/p>\n\t<p class=\"name product-title woocommerce-loop-product__title\"><a href=\"https:\/\/simex.es\/fr\/ensemble-2\/\" class=\"woocommerce-LoopProduct-link woocommerce-loop-product__link\">Ensemble \u00e9vier \u00e0 r\u00e9glage manuel<\/a><\/p><\/div><div class=\"price-wrapper\">\n<\/div>\t\t<\/div>\n\t<\/div>\n\t\t<\/div>\n<\/div><div class=\"product-small col has-hover product type-product post-51204 status-publish instock product_cat-aides-techniques product_cat-ensemble-devier product_tag-relacionado-02225-fr has-post-thumbnail product-type-simple\">\n\t<div class=\"col-inner\">\n\t\n<div class=\"badge-container absolute left top z-1\">\n\n<\/div>\n\t<div class=\"product-small box \">\n\t\t<div class=\"box-image\">\n\t\t\t<div class=\"image-fade_in_back\">\n\t\t\t\t<a href=\"https:\/\/simex.es\/fr\/ensemble\/\">\n\t\t\t\t\t<img loading=\"lazy\" decoding=\"async\" width=\"247\" height=\"296\" src=\"https:\/\/simex.es\/wp-content\/uploads\/2017\/09\/conjunto_lavabo_mecanico_ceramica_blanco_simex-247x296.jpg\" class=\"attachment-woocommerce_thumbnail size-woocommerce_thumbnail\" alt=\"Ensemble \u00e9vier \u00e0 r\u00e9glage m\u00e9canique\" \/>\t\t\t\t<\/a>\n\t\t\t<\/div>\n\t\t\t<div class=\"image-tools is-small top right show-on-hover\">\n\t\t\t\t\t\t\t<\/div>\n\t\t\t<div class=\"image-tools is-small hide-for-small bottom left show-on-hover\">\n\t\t\t\t\t\t\t<\/div>\n\t\t\t<div class=\"image-tools grid-tools text-center hide-for-small bottom hover-slide-in show-on-hover\">\n\t\t\t\t\t\t\t<\/div>\n\t\t\t\t\t<\/div>\n\n\t\t<div class=\"box-text box-text-products\">\n\t\t\t<div class=\"title-wrapper\">\t\t<p class=\"category uppercase is-smaller no-text-overflow product-cat op-8\">\n\t\t\tAIDES TECHNIQUES\t\t<\/p>\n\t<p class=\"name product-title woocommerce-loop-product__title\"><a href=\"https:\/\/simex.es\/fr\/ensemble\/\" class=\"woocommerce-LoopProduct-link woocommerce-loop-product__link\">Ensemble \u00e9vier \u00e0 r\u00e9glage m\u00e9canique<\/a><\/p><\/div><div class=\"price-wrapper\">\n<\/div>\t\t<\/div>\n\t<\/div>\n\t\t<\/div>\n<\/div><\/div>\n<h3><strong>Barres de soutien <\/strong><\/h3>\n<ul>\n<li>Elles doivent \u00eatre faciles \u00e0 saisir et \u00e0 s\u00e9parer du mur.<\/li>\n<li>Fixation et support : supporter le poids d&#8217;une personne, soit une force d&#8217;environ 1 kN dans toutes les directions.<\/li>\n<li>Pour les toilettes : une barre horizontale de chaque c\u00f4t\u00e9.<\/li>\n<li>Dans les douches : du c\u00f4t\u00e9 du si\u00e8ge, des barres de soutien horizontales sur le p\u00e9rim\u00e8tre d&#8217;au moins deux murs d&#8217;angle et une barre verticale sur le mur.<\/li>\n<\/ul>\n\t\n  \n    <div class=\"row large-columns-4 medium-columns-3 small-columns-2 row-small has-shadow row-box-shadow-1 row-box-shadow-3-hover slider row-slider slider-nav-reveal slider-nav-push\"  data-flickity-options='{&quot;imagesLoaded&quot;: true, &quot;groupCells&quot;: &quot;100%&quot;, &quot;dragThreshold&quot; : 5, &quot;cellAlign&quot;: &quot;left&quot;,&quot;wrapAround&quot;: true,&quot;prevNextButtons&quot;: true,&quot;percentPosition&quot;: true,&quot;pageDots&quot;: false, &quot;rightToLeft&quot;: false, &quot;autoPlay&quot; : false}' >\n\n  \n\t     <div class=\"product-small col has-hover product type-product post-89335 status-publish last instock product_cat-acier-inoxydable product_cat-barres-dappui-et-aides-techniques-en-acier-inoxydable product_cat-barres-relevables has-post-thumbnail shipping-taxable purchasable product-type-variable\">\n\t<div class=\"col-inner\">\n\t\n<div class=\"badge-container absolute left top z-1\">\n\n<\/div>\n\t<div class=\"product-small box \">\n\t\t<div class=\"box-image\">\n\t\t\t<div class=\"image-fade_in_back\">\n\t\t\t\t<a href=\"https:\/\/simex.es\/fr\/barre-relevable-simple-avec-pied-escamotable-copia\/\">\n\t\t\t\t\t<img loading=\"lazy\" decoding=\"async\" width=\"247\" height=\"296\" src=\"https:\/\/simex.es\/wp-content\/uploads\/2020\/10\/simex_barra_abatible_con_pata_retractil-1-247x296.webp\" class=\"attachment-woocommerce_thumbnail size-woocommerce_thumbnail\" alt=\"Barre relevable avec pied\" \/><img loading=\"lazy\" decoding=\"async\" width=\"247\" height=\"296\" src=\"https:\/\/simex.es\/wp-content\/uploads\/2020\/10\/simex_barra_abatible_con_pata_retractil_inox_satinado-247x296.jpg\" class=\"show-on-hover absolute fill hide-for-small back-image\" alt=\"Alternative view of Barre relevable avec pied\" aria-hidden=\"true\" \/>\t\t\t\t<\/a>\n\t\t\t<\/div>\n\t\t\t<div class=\"image-tools is-small top right show-on-hover\">\n\t\t\t\t\t\t\t<\/div>\n\t\t\t<div class=\"image-tools is-small hide-for-small bottom left show-on-hover\">\n\t\t\t\t\t\t\t<\/div>\n\t\t\t<div class=\"image-tools grid-tools text-center hide-for-small bottom hover-slide-in show-on-hover\">\n\t\t\t\t\t\t\t<\/div>\n\t\t\t\t\t<\/div>\n\n\t\t<div class=\"box-text box-text-products\">\n\t\t\t<div class=\"title-wrapper\">\t\t<p class=\"category uppercase is-smaller no-text-overflow product-cat op-8\">\n\t\t\tAcier inoxydable\t\t<\/p>\n\t<p class=\"name product-title woocommerce-loop-product__title\"><a href=\"https:\/\/simex.es\/fr\/barre-relevable-simple-avec-pied-escamotable-copia\/\" class=\"woocommerce-LoopProduct-link woocommerce-loop-product__link\">Barre relevable avec pied<\/a><\/p><\/div><div class=\"price-wrapper\">\n\t<span class=\"price\"><span class=\"woocommerce-Price-amount amount\"><bdi>0,00<span class=\"woocommerce-Price-currencySymbol\">&euro;<\/span><\/bdi><\/span><\/span>\n<\/div>\t\t<\/div>\n\t<\/div>\n\t\t<\/div>\n<\/div><div class=\"product-small col has-hover product type-product post-72339 status-publish first instock product_cat-acier-inoxydable product_cat-barres-dappui-et-aides-techniques-en-acier-inoxydable product_cat-barres-relevables has-post-thumbnail shipping-taxable purchasable product-type-variable\">\n\t<div class=\"col-inner\">\n\t\n<div class=\"badge-container absolute left top z-1\">\n\n<\/div>\n\t<div class=\"product-small box \">\n\t\t<div class=\"box-image\">\n\t\t\t<div class=\"image-fade_in_back\">\n\t\t\t\t<a href=\"https:\/\/simex.es\/fr\/barre-dappui-rabatable-avec-pied-escamotable\/\">\n\t\t\t\t\t<img loading=\"lazy\" decoding=\"async\" width=\"247\" height=\"296\" src=\"https:\/\/simex.es\/wp-content\/uploads\/2018\/08\/simex_barra_abatible_simple_con_pata_retractil-300x300-1-247x296.webp\" class=\"attachment-woocommerce_thumbnail size-woocommerce_thumbnail\" alt=\"Barre rabatable simple avec pied escamotable\" \/><img loading=\"lazy\" decoding=\"async\" width=\"247\" height=\"296\" src=\"https:\/\/simex.es\/wp-content\/uploads\/2018\/08\/simex_barra_abatible_simple_con_pata_retractil_inox_satinado-247x296.jpg\" class=\"show-on-hover absolute fill hide-for-small back-image\" alt=\"Alternative view of Barre rabatable simple avec pied escamotable\" aria-hidden=\"true\" \/>\t\t\t\t<\/a>\n\t\t\t<\/div>\n\t\t\t<div class=\"image-tools is-small top right show-on-hover\">\n\t\t\t\t\t\t\t<\/div>\n\t\t\t<div class=\"image-tools is-small hide-for-small bottom left show-on-hover\">\n\t\t\t\t\t\t\t<\/div>\n\t\t\t<div class=\"image-tools grid-tools text-center hide-for-small bottom hover-slide-in show-on-hover\">\n\t\t\t\t\t\t\t<\/div>\n\t\t\t\t\t<\/div>\n\n\t\t<div class=\"box-text box-text-products\">\n\t\t\t<div class=\"title-wrapper\">\t\t<p class=\"category uppercase is-smaller no-text-overflow product-cat op-8\">\n\t\t\tAcier inoxydable\t\t<\/p>\n\t<p class=\"name product-title woocommerce-loop-product__title\"><a href=\"https:\/\/simex.es\/fr\/barre-dappui-rabatable-avec-pied-escamotable\/\" class=\"woocommerce-LoopProduct-link woocommerce-loop-product__link\">Barre rabatable simple avec pied escamotable<\/a><\/p><\/div><div class=\"price-wrapper\">\n\t<span class=\"price\"><span class=\"woocommerce-Price-amount amount\"><bdi>0,00<span class=\"woocommerce-Price-currencySymbol\">&euro;<\/span><\/bdi><\/span><\/span>\n<\/div>\t\t<\/div>\n\t<\/div>\n\t\t<\/div>\n<\/div><div class=\"product-small col has-hover product type-product post-72083 status-publish instock product_cat-acier-inoxydable product_cat-barres-dappui-et-aides-techniques-en-acier-inoxydable product_cat-barres-relevables has-post-thumbnail purchasable product-type-variable\">\n\t<div class=\"col-inner\">\n\t\n<div class=\"badge-container absolute left top z-1\">\n\n<\/div>\n\t<div class=\"product-small box \">\n\t\t<div class=\"box-image\">\n\t\t\t<div class=\"image-fade_in_back\">\n\t\t\t\t<a href=\"https:\/\/simex.es\/fr\/barre-dappui-relevable\/\">\n\t\t\t\t\t<img loading=\"lazy\" decoding=\"async\" width=\"247\" height=\"296\" src=\"https:\/\/simex.es\/wp-content\/uploads\/2017\/12\/simex_barra_de_ayuda_abatible_giro_vertical-06-300x300-1-247x296.webp\" class=\"attachment-woocommerce_thumbnail size-woocommerce_thumbnail\" alt=\"Barre rabatable\" \/><img loading=\"lazy\" decoding=\"async\" width=\"247\" height=\"296\" src=\"https:\/\/simex.es\/wp-content\/uploads\/2020\/09\/simex_barra_de_ayuda_abatible_giro_vertical_inox_brillante-247x296.jpg\" class=\"show-on-hover absolute fill hide-for-small back-image\" alt=\"Alternative view of Barre rabatable\" aria-hidden=\"true\" \/>\t\t\t\t<\/a>\n\t\t\t<\/div>\n\t\t\t<div class=\"image-tools is-small top right show-on-hover\">\n\t\t\t\t\t\t\t<\/div>\n\t\t\t<div class=\"image-tools is-small hide-for-small bottom left show-on-hover\">\n\t\t\t\t\t\t\t<\/div>\n\t\t\t<div class=\"image-tools grid-tools text-center hide-for-small bottom hover-slide-in show-on-hover\">\n\t\t\t\t\t\t\t<\/div>\n\t\t\t\t\t<\/div>\n\n\t\t<div class=\"box-text box-text-products\">\n\t\t\t<div class=\"title-wrapper\">\t\t<p class=\"category uppercase is-smaller no-text-overflow product-cat op-8\">\n\t\t\tAcier inoxydable\t\t<\/p>\n\t<p class=\"name product-title woocommerce-loop-product__title\"><a href=\"https:\/\/simex.es\/fr\/barre-dappui-relevable\/\" class=\"woocommerce-LoopProduct-link woocommerce-loop-product__link\">Barre rabatable<\/a><\/p><\/div><div class=\"price-wrapper\">\n\t<span class=\"price\"><span class=\"woocommerce-Price-amount amount\"><bdi>0,00<span class=\"woocommerce-Price-currencySymbol\">&euro;<\/span><\/bdi><\/span><\/span>\n<\/div>\t\t<\/div>\n\t<\/div>\n\t\t<\/div>\n<\/div><div class=\"product-small col has-hover product type-product post-72115 status-publish last instock product_cat-acier-inoxydable product_cat-barres-dappui-et-aides-techniques-en-acier-inoxydable product_cat-barres-relevables has-post-thumbnail purchasable product-type-variable\">\n\t<div class=\"col-inner\">\n\t\n<div class=\"badge-container absolute left top z-1\">\n\n<\/div>\n\t<div class=\"product-small box \">\n\t\t<div class=\"box-image\">\n\t\t\t<div class=\"image-fade_in_back\">\n\t\t\t\t<a href=\"https:\/\/simex.es\/fr\/barre-rabatable-verticale-avec-systeme-de-securite\/\">\n\t\t\t\t\t<img loading=\"lazy\" decoding=\"async\" width=\"247\" height=\"296\" src=\"https:\/\/simex.es\/wp-content\/uploads\/2017\/12\/simex_barra_de_ayuda_abatible_giro_vertical_anclaje_seguridad-247x296.webp\" class=\"attachment-woocommerce_thumbnail size-woocommerce_thumbnail\" alt=\"Barre rabatable avec pied\" \/><img loading=\"lazy\" decoding=\"async\" width=\"247\" height=\"296\" src=\"https:\/\/simex.es\/wp-content\/uploads\/2017\/12\/simex_barra_de_ayuda_abatible_giro_vertical_anclaje_seguridad_nylon_blanco-247x296.jpg\" class=\"show-on-hover absolute fill hide-for-small back-image\" alt=\"Alternative view of Barre rabatable avec pied\" aria-hidden=\"true\" \/>\t\t\t\t<\/a>\n\t\t\t<\/div>\n\t\t\t<div class=\"image-tools is-small top right show-on-hover\">\n\t\t\t\t\t\t\t<\/div>\n\t\t\t<div class=\"image-tools is-small hide-for-small bottom left show-on-hover\">\n\t\t\t\t\t\t\t<\/div>\n\t\t\t<div class=\"image-tools grid-tools text-center hide-for-small bottom hover-slide-in show-on-hover\">\n\t\t\t\t\t\t\t<\/div>\n\t\t\t\t\t<\/div>\n\n\t\t<div class=\"box-text box-text-products\">\n\t\t\t<div class=\"title-wrapper\">\t\t<p class=\"category uppercase is-smaller no-text-overflow product-cat op-8\">\n\t\t\tAcier inoxydable\t\t<\/p>\n\t<p class=\"name product-title woocommerce-loop-product__title\"><a href=\"https:\/\/simex.es\/fr\/barre-rabatable-verticale-avec-systeme-de-securite\/\" class=\"woocommerce-LoopProduct-link woocommerce-loop-product__link\">Barre rabatable avec pied<\/a><\/p><\/div><div class=\"price-wrapper\">\n\t<span class=\"price\"><span class=\"woocommerce-Price-amount amount\"><bdi>0,00<span class=\"woocommerce-Price-currencySymbol\">&euro;<\/span><\/bdi><\/span><\/span>\n<\/div>\t\t<\/div>\n\t<\/div>\n\t\t<\/div>\n<\/div><div class=\"product-small col has-hover product type-product post-72076 status-publish first instock product_cat-acier-inoxydable product_cat-barres-dappui-et-aides-techniques-en-acier-inoxydable product_cat-barres-relevables product_tag-relacionado-02033-fr has-post-thumbnail purchasable product-type-simple\">\n\t<div class=\"col-inner\">\n\t\n<div class=\"badge-container absolute left top z-1\">\n\n<\/div>\n\t<div class=\"product-small box \">\n\t\t<div class=\"box-image\">\n\t\t\t<div class=\"image-fade_in_back\">\n\t\t\t\t<a href=\"https:\/\/simex.es\/fr\/barre-rabatable-murale-horizontale\/\">\n\t\t\t\t\t<img loading=\"lazy\" decoding=\"async\" width=\"247\" height=\"296\" src=\"https:\/\/simex.es\/wp-content\/uploads\/2017\/12\/simex_barra_abatible_giro_horizontal_inox_satinado-07-247x296.webp\" class=\"attachment-woocommerce_thumbnail size-woocommerce_thumbnail\" alt=\"Barre relevable horizontale avec pied\" \/>\t\t\t\t<\/a>\n\t\t\t<\/div>\n\t\t\t<div class=\"image-tools is-small top right show-on-hover\">\n\t\t\t\t\t\t\t<\/div>\n\t\t\t<div class=\"image-tools is-small hide-for-small bottom left show-on-hover\">\n\t\t\t\t\t\t\t<\/div>\n\t\t\t<div class=\"image-tools grid-tools text-center hide-for-small bottom hover-slide-in show-on-hover\">\n\t\t\t\t\t\t\t<\/div>\n\t\t\t\t\t<\/div>\n\n\t\t<div class=\"box-text box-text-products\">\n\t\t\t<div class=\"title-wrapper\">\t\t<p class=\"category uppercase is-smaller no-text-overflow product-cat op-8\">\n\t\t\tAcier inoxydable\t\t<\/p>\n\t<p class=\"name product-title woocommerce-loop-product__title\"><a href=\"https:\/\/simex.es\/fr\/barre-rabatable-murale-horizontale\/\" class=\"woocommerce-LoopProduct-link woocommerce-loop-product__link\">Barre relevable horizontale avec pied<\/a><\/p><\/div><div class=\"price-wrapper\">\n\t<span class=\"price\"><span class=\"woocommerce-Price-amount amount\"><bdi>0,00<span class=\"woocommerce-Price-currencySymbol\">&euro;<\/span><\/bdi><\/span><\/span>\n<\/div>\t\t<\/div>\n\t<\/div>\n\t\t<\/div>\n<\/div><div class=\"product-small col has-hover product type-product post-65132 status-publish instock product_cat-aluminium-nylon product_cat-barres-dappui-et-aides-techniques-en-acier-inoxydable product_cat-barres-relevables has-post-thumbnail product-type-simple\">\n\t<div class=\"col-inner\">\n\t\n<div class=\"badge-container absolute left top z-1\">\n\n<\/div>\n\t<div class=\"product-small box \">\n\t\t<div class=\"box-image\">\n\t\t\t<div class=\"image-fade_in_back\">\n\t\t\t\t<a href=\"https:\/\/simex.es\/fr\/barre-rabatable-nylon\/\">\n\t\t\t\t\t<img loading=\"lazy\" decoding=\"async\" width=\"247\" height=\"296\" src=\"https:\/\/simex.es\/wp-content\/uploads\/2017\/12\/simex_barra_de_ayuda_abatible_giro_vertical_aluminio_nylon-blanco-247x296.webp\" class=\"attachment-woocommerce_thumbnail size-woocommerce_thumbnail\" alt=\"Barre relevable\" \/>\t\t\t\t<\/a>\n\t\t\t<\/div>\n\t\t\t<div class=\"image-tools is-small top right show-on-hover\">\n\t\t\t\t\t\t\t<\/div>\n\t\t\t<div class=\"image-tools is-small hide-for-small bottom left show-on-hover\">\n\t\t\t\t\t\t\t<\/div>\n\t\t\t<div class=\"image-tools grid-tools text-center hide-for-small bottom hover-slide-in show-on-hover\">\n\t\t\t\t\t\t\t<\/div>\n\t\t\t\t\t<\/div>\n\n\t\t<div class=\"box-text box-text-products\">\n\t\t\t<div class=\"title-wrapper\">\t\t<p class=\"category uppercase is-smaller no-text-overflow product-cat op-8\">\n\t\t\tAluminium Nylon\t\t<\/p>\n\t<p class=\"name product-title woocommerce-loop-product__title\"><a href=\"https:\/\/simex.es\/fr\/barre-rabatable-nylon\/\" class=\"woocommerce-LoopProduct-link woocommerce-loop-product__link\">Barre relevable<\/a><\/p><\/div><div class=\"price-wrapper\">\n<\/div>\t\t<\/div>\n\t<\/div>\n\t\t<\/div>\n<\/div><div class=\"product-small col has-hover product type-product post-65042 status-publish last instock product_cat-aluminium-nylon product_cat-barres-dappui-et-aides-techniques-en-acier-inoxydable product_cat-barres-relevables product_tag-relacionado-02033-fr has-post-thumbnail product-type-simple\">\n\t<div class=\"col-inner\">\n\t\n<div class=\"badge-container absolute left top z-1\">\n\n<\/div>\n\t<div class=\"product-small box \">\n\t\t<div class=\"box-image\">\n\t\t\t<div class=\"image-fade_in_back\">\n\t\t\t\t<a href=\"https:\/\/simex.es\/fr\/barre-rabatable\/\">\n\t\t\t\t\t<img loading=\"lazy\" decoding=\"async\" width=\"247\" height=\"296\" src=\"https:\/\/simex.es\/wp-content\/uploads\/2017\/12\/simex_barra_de_ayuda_abatible_giro_vertical_anclaje_seguridad_aluminio_nylon_blanco-247x296.webp\" class=\"attachment-woocommerce_thumbnail size-woocommerce_thumbnail\" alt=\"Barre rabatable avec pied\" \/>\t\t\t\t<\/a>\n\t\t\t<\/div>\n\t\t\t<div class=\"image-tools is-small top right show-on-hover\">\n\t\t\t\t\t\t\t<\/div>\n\t\t\t<div class=\"image-tools is-small hide-for-small bottom left show-on-hover\">\n\t\t\t\t\t\t\t<\/div>\n\t\t\t<div class=\"image-tools grid-tools text-center hide-for-small bottom hover-slide-in show-on-hover\">\n\t\t\t\t\t\t\t<\/div>\n\t\t\t\t\t<\/div>\n\n\t\t<div class=\"box-text box-text-products\">\n\t\t\t<div class=\"title-wrapper\">\t\t<p class=\"category uppercase is-smaller no-text-overflow product-cat op-8\">\n\t\t\tAluminium Nylon\t\t<\/p>\n\t<p class=\"name product-title woocommerce-loop-product__title\"><a href=\"https:\/\/simex.es\/fr\/barre-rabatable\/\" class=\"woocommerce-LoopProduct-link woocommerce-loop-product__link\">Barre rabatable avec pied<\/a><\/p><\/div><div class=\"price-wrapper\">\n<\/div>\t\t<\/div>\n\t<\/div>\n\t\t<\/div>\n<\/div><\/div>\n<h3><strong>M\u00e9canismes et accessoires<\/strong><\/h3>\n<ul>\n<li>Chasse d&#8217;eau \u00e0 pression ou \u00e0 levier avec boutons-poussoirs de grande surface.<\/li>\n<li>Robinetterie automatique \u00e9quip\u00e9e d&#8217;un syst\u00e8me de d\u00e9tection de pr\u00e9sence ou mitigeur manuel avec levier allong\u00e9 de type g\u00e9rontologique.<\/li>\n<li>Miroir : positionn\u00e9 \u00e0 une hauteur inf\u00e9rieure au reste et pouvant \u00eatre inclin\u00e9 vers l&#8217;avant.<\/li>\n<\/ul>\n\t\n  \n    <div class=\"row large-columns-4 medium-columns-3 small-columns-2 row-small has-shadow row-box-shadow-1 row-box-shadow-3-hover slider row-slider slider-nav-reveal slider-nav-push\"  data-flickity-options='{&quot;imagesLoaded&quot;: true, &quot;groupCells&quot;: &quot;100%&quot;, &quot;dragThreshold&quot; : 5, &quot;cellAlign&quot;: &quot;left&quot;,&quot;wrapAround&quot;: true,&quot;prevNextButtons&quot;: true,&quot;percentPosition&quot;: true,&quot;pageDots&quot;: false, &quot;rightToLeft&quot;: false, &quot;autoPlay&quot; : false}' >\n\n  \n\t     <div class=\"product-small col has-hover product type-product post-92557 status-publish first instock product_cat-aides-techniques product_cat-miroir-avec-cadre has-post-thumbnail shipping-taxable purchasable product-type-variable\">\n\t<div class=\"col-inner\">\n\t\n<div class=\"badge-container absolute left top z-1\">\n\n<\/div>\n\t<div class=\"product-small box \">\n\t\t<div class=\"box-image\">\n\t\t\t<div class=\"image-fade_in_back\">\n\t\t\t\t<a href=\"https:\/\/simex.es\/fr\/miroir-avec-cadre-800-x-600\/\">\n\t\t\t\t\t<img loading=\"lazy\" decoding=\"async\" width=\"247\" height=\"296\" src=\"https:\/\/simex.es\/wp-content\/uploads\/2020\/11\/espejo_con_marco_acero_inox_800_600-300x300-1-247x296.webp\" class=\"attachment-woocommerce_thumbnail size-woocommerce_thumbnail\" alt=\"MIROIR AVEC CADRE 800 x 600\" \/><img loading=\"lazy\" decoding=\"async\" width=\"247\" height=\"296\" src=\"https:\/\/simex.es\/wp-content\/uploads\/2020\/11\/espejo_con_marco_acero_epoxi_blanco_800_600-247x296.jpg\" class=\"show-on-hover absolute fill hide-for-small back-image\" alt=\"Alternative view of MIROIR AVEC CADRE 800 x 600\" aria-hidden=\"true\" \/>\t\t\t\t<\/a>\n\t\t\t<\/div>\n\t\t\t<div class=\"image-tools is-small top right show-on-hover\">\n\t\t\t\t\t\t\t<\/div>\n\t\t\t<div class=\"image-tools is-small hide-for-small bottom left show-on-hover\">\n\t\t\t\t\t\t\t<\/div>\n\t\t\t<div class=\"image-tools grid-tools text-center hide-for-small bottom hover-slide-in show-on-hover\">\n\t\t\t\t\t\t\t<\/div>\n\t\t\t\t\t<\/div>\n\n\t\t<div class=\"box-text box-text-products\">\n\t\t\t<div class=\"title-wrapper\">\t\t<p class=\"category uppercase is-smaller no-text-overflow product-cat op-8\">\n\t\t\tAIDES TECHNIQUES\t\t<\/p>\n\t<p class=\"name product-title woocommerce-loop-product__title\"><a href=\"https:\/\/simex.es\/fr\/miroir-avec-cadre-800-x-600\/\" class=\"woocommerce-LoopProduct-link woocommerce-loop-product__link\">MIROIR AVEC CADRE 800 x 600<\/a><\/p><\/div><div class=\"price-wrapper\">\n\t<span class=\"price\"><span class=\"woocommerce-Price-amount amount\"><bdi>0,00<span class=\"woocommerce-Price-currencySymbol\">&euro;<\/span><\/bdi><\/span><\/span>\n<\/div>\t\t<\/div>\n\t<\/div>\n\t\t<\/div>\n<\/div><div class=\"product-small col has-hover product type-product post-92531 status-publish instock product_cat-aides-techniques product_cat-miroir-avec-cadre has-post-thumbnail shipping-taxable purchasable product-type-variable\">\n\t<div class=\"col-inner\">\n\t\n<div class=\"badge-container absolute left top z-1\">\n\n<\/div>\n\t<div class=\"product-small box \">\n\t\t<div class=\"box-image\">\n\t\t\t<div class=\"image-fade_in_back\">\n\t\t\t\t<a href=\"https:\/\/simex.es\/fr\/miroir-avec-cadre-700-x-500\/\">\n\t\t\t\t\t<img loading=\"lazy\" decoding=\"async\" width=\"247\" height=\"296\" src=\"https:\/\/simex.es\/wp-content\/uploads\/2020\/11\/espejo_con_marco_acero_inox_700_500-01-300x300-1-247x296.webp\" class=\"attachment-woocommerce_thumbnail size-woocommerce_thumbnail\" alt=\"MIROIR AVEC CADRE 700 x 500\" \/><img loading=\"lazy\" decoding=\"async\" width=\"247\" height=\"296\" src=\"https:\/\/simex.es\/wp-content\/uploads\/2020\/11\/espejo_con_marco_acero_inox_700_500-01-247x296.jpg\" class=\"show-on-hover absolute fill hide-for-small back-image\" alt=\"Alternative view of MIROIR AVEC CADRE 700 x 500\" aria-hidden=\"true\" \/>\t\t\t\t<\/a>\n\t\t\t<\/div>\n\t\t\t<div class=\"image-tools is-small top right show-on-hover\">\n\t\t\t\t\t\t\t<\/div>\n\t\t\t<div class=\"image-tools is-small hide-for-small bottom left show-on-hover\">\n\t\t\t\t\t\t\t<\/div>\n\t\t\t<div class=\"image-tools grid-tools text-center hide-for-small bottom hover-slide-in show-on-hover\">\n\t\t\t\t\t\t\t<\/div>\n\t\t\t\t\t<\/div>\n\n\t\t<div class=\"box-text box-text-products\">\n\t\t\t<div class=\"title-wrapper\">\t\t<p class=\"category uppercase is-smaller no-text-overflow product-cat op-8\">\n\t\t\tAIDES TECHNIQUES\t\t<\/p>\n\t<p class=\"name product-title woocommerce-loop-product__title\"><a href=\"https:\/\/simex.es\/fr\/miroir-avec-cadre-700-x-500\/\" class=\"woocommerce-LoopProduct-link woocommerce-loop-product__link\">MIROIR AVEC CADRE 700 x 500<\/a><\/p><\/div><div class=\"price-wrapper\">\n\t<span class=\"price\"><span class=\"woocommerce-Price-amount amount\"><bdi>0,00<span class=\"woocommerce-Price-currencySymbol\">&euro;<\/span><\/bdi><\/span><\/span>\n<\/div>\t\t<\/div>\n\t<\/div>\n\t\t<\/div>\n<\/div><div class=\"product-small col has-hover product type-product post-92501 status-publish last instock product_cat-aides-techniques product_cat-miroir-avec-cadre has-post-thumbnail shipping-taxable purchasable product-type-variable\">\n\t<div class=\"col-inner\">\n\t\n<div class=\"badge-container absolute left top z-1\">\n\n<\/div>\n\t<div class=\"product-small box \">\n\t\t<div class=\"box-image\">\n\t\t\t<div class=\"image-fade_in_back\">\n\t\t\t\t<a href=\"https:\/\/simex.es\/fr\/kit-miroir-pour-inclination-800-x-600\/\">\n\t\t\t\t\t<img loading=\"lazy\" decoding=\"async\" width=\"247\" height=\"296\" src=\"https:\/\/simex.es\/wp-content\/uploads\/2020\/11\/kit_reclinar_espejos_con_marco_-satinado_simex-300x300-1-247x296.webp\" class=\"attachment-woocommerce_thumbnail size-woocommerce_thumbnail\" alt=\"KIT MIROIR POUR INCLINATION 800 x 600\" \/><img loading=\"lazy\" decoding=\"async\" width=\"247\" height=\"296\" src=\"https:\/\/simex.es\/wp-content\/uploads\/2020\/11\/kit_reclinar_espejos_con_marco_epoxi_blanco_simex-247x296.jpg\" class=\"show-on-hover absolute fill hide-for-small back-image\" alt=\"Alternative view of KIT MIROIR POUR INCLINATION 800 x 600\" aria-hidden=\"true\" \/>\t\t\t\t<\/a>\n\t\t\t<\/div>\n\t\t\t<div class=\"image-tools is-small top right show-on-hover\">\n\t\t\t\t\t\t\t<\/div>\n\t\t\t<div class=\"image-tools is-small hide-for-small bottom left show-on-hover\">\n\t\t\t\t\t\t\t<\/div>\n\t\t\t<div class=\"image-tools grid-tools text-center hide-for-small bottom hover-slide-in show-on-hover\">\n\t\t\t\t\t\t\t<\/div>\n\t\t\t\t\t<\/div>\n\n\t\t<div class=\"box-text box-text-products\">\n\t\t\t<div class=\"title-wrapper\">\t\t<p class=\"category uppercase is-smaller no-text-overflow product-cat op-8\">\n\t\t\tAIDES TECHNIQUES\t\t<\/p>\n\t<p class=\"name product-title woocommerce-loop-product__title\"><a href=\"https:\/\/simex.es\/fr\/kit-miroir-pour-inclination-800-x-600\/\" class=\"woocommerce-LoopProduct-link woocommerce-loop-product__link\">KIT MIROIR POUR INCLINATION 800 x 600<\/a><\/p><\/div><div class=\"price-wrapper\">\n\t<span class=\"price\"><span class=\"woocommerce-Price-amount amount\"><bdi>0,00<span class=\"woocommerce-Price-currencySymbol\">&euro;<\/span><\/bdi><\/span><\/span>\n<\/div>\t\t<\/div>\n\t<\/div>\n\t\t<\/div>\n<\/div><div class=\"product-small col has-hover product type-product post-92489 status-publish first instock product_cat-aides-techniques product_cat-miroir-avec-cadre has-post-thumbnail shipping-taxable purchasable product-type-variable\">\n\t<div class=\"col-inner\">\n\t\n<div class=\"badge-container absolute left top z-1\">\n\n<\/div>\n\t<div class=\"product-small box \">\n\t\t<div class=\"box-image\">\n\t\t\t<div class=\"image-fade_in_back\">\n\t\t\t\t<a href=\"https:\/\/simex.es\/fr\/kit-miroir-pour-inclination-700-x-500\/\">\n\t\t\t\t\t<img loading=\"lazy\" decoding=\"async\" width=\"247\" height=\"296\" src=\"https:\/\/simex.es\/wp-content\/uploads\/2020\/11\/kit_reclinar_espejos_con_marco_-satinado_simex-300x300-1-247x296.webp\" class=\"attachment-woocommerce_thumbnail size-woocommerce_thumbnail\" alt=\"KIT MIROIR POUR INCLINATION 700 x 500\" \/><img loading=\"lazy\" decoding=\"async\" width=\"247\" height=\"296\" src=\"https:\/\/simex.es\/wp-content\/uploads\/2020\/11\/kit_reclinar_espejos_con_marco_epoxi_blanco_simex-247x296.jpg\" class=\"show-on-hover absolute fill hide-for-small back-image\" alt=\"Alternative view of KIT MIROIR POUR INCLINATION 700 x 500\" aria-hidden=\"true\" \/>\t\t\t\t<\/a>\n\t\t\t<\/div>\n\t\t\t<div class=\"image-tools is-small top right show-on-hover\">\n\t\t\t\t\t\t\t<\/div>\n\t\t\t<div class=\"image-tools is-small hide-for-small bottom left show-on-hover\">\n\t\t\t\t\t\t\t<\/div>\n\t\t\t<div class=\"image-tools grid-tools text-center hide-for-small bottom hover-slide-in show-on-hover\">\n\t\t\t\t\t\t\t<\/div>\n\t\t\t\t\t<\/div>\n\n\t\t<div class=\"box-text box-text-products\">\n\t\t\t<div class=\"title-wrapper\">\t\t<p class=\"category uppercase is-smaller no-text-overflow product-cat op-8\">\n\t\t\tAIDES TECHNIQUES\t\t<\/p>\n\t<p class=\"name product-title woocommerce-loop-product__title\"><a href=\"https:\/\/simex.es\/fr\/kit-miroir-pour-inclination-700-x-500\/\" class=\"woocommerce-LoopProduct-link woocommerce-loop-product__link\">KIT MIROIR POUR INCLINATION 700 x 500<\/a><\/p><\/div><div class=\"price-wrapper\">\n\t<span class=\"price\"><span class=\"woocommerce-Price-amount amount\"><bdi>0,00<span class=\"woocommerce-Price-currencySymbol\">&euro;<\/span><\/bdi><\/span><\/span>\n<\/div>\t\t<\/div>\n\t<\/div>\n\t\t<\/div>\n<\/div><\/div>\n<h2><strong>Nous avons tout ce qu&#8217;il faut pour \u00e9quiper une salle de bains adapt\u00e9e.<\/strong><\/h2>\n<p>Chez<span style=\"color: #ff5100;\"> <a style=\"color: #ff5100;\" href=\"https:\/\/simex.es\/fr\/\">Simex<\/a><\/span>, nous disposons d&#8217;une large gamme de produits pour \u00e9quiper les salles de bains adapt\u00e9es aux personnes \u00e0 mobilit\u00e9 r\u00e9duite. Pour cela, nous proposons notamment la <span style=\"color: #ff5100;\"><a style=\"color: #ff5100;\" href=\"https:\/\/simex.es\/fr\/solucion-trevi\/\">solution Trevi<\/a>,<\/span> avec des produits fabriqu\u00e9s en acier inoxydable \u00e0 haute r\u00e9sistance et recouverts d&#8217;une peinture \u00e9poxy blanche. Nous vous proposons \u00e9galement la <span style=\"color: #ff5100;\"><a style=\"color: #ff5100;\" href=\"https:\/\/simex.es\/fr\/solucion-alhambra\/\">solution Alhambra<\/a><\/span> pour une salle de bains adapt\u00e9e, avec des produits en acier inoxydable haute r\u00e9sistance avec une finition satin\u00e9e.<\/p>\n<p>Ces deux solutions sont faciles \u00e0 utiliser et \u00e0 installer, et tout est homologu\u00e9 selon la r\u00e9glementation en vigueur. Parmi les produits que nous proposons pour les salles de bains adapt\u00e9es, citons :<span style=\"color: #ff5100;\"> <a style=\"color: #ff5100;\" href=\"https:\/\/simex.es\/fr\/ayudas-tecnicas\/asientos-de-ducha\/\">les chaises de douche<\/a>, <a style=\"color: #ff5100;\" href=\"https:\/\/simex.es\/fr\/ayudas-tecnicas\/espejos-con-marco\/\">les miroirs inclinables<\/a>, <a style=\"color: #ff5100;\" href=\"https:\/\/simex.es\/fr\/ayudas-tecnicas\/conjuntos-de-lavamanos\/\">les ensembles de lavabos<\/a>, <a style=\"color: #ff5100;\" href=\"https:\/\/simex.es\/fr\/barras-de-acero-inoxidable-y-ayudas-tecnicas\/\">les barres d&#8217;appui<\/a> et <a style=\"color: #ff5100;\" href=\"https:\/\/simex.es\/fr\/ayudas-tecnicas\/inodoros-2\/\">les toilettes<\/a>.<\/span><\/p>\n<p>Vous pouvez \u00e9galement consulter le catalogue complet des<span style=\"color: #ff5100;\"> <a style=\"color: #ff5100;\" href=\"https:\/\/simex.es\/fr\/ayudas-tecnicas\/\">aides techniques<\/a><\/span> et des <span style=\"color: #ff5100;\"><a style=\"color: #ff5100;\" href=\"https:\/\/simex.es\/fr\/barras-de-acero-inoxidable-y-ayudas-tecnicas\/\">barres d&#8217;appui ici.<\/a><\/span><\/p>\n<h2><strong>Autres articles de ce <span style=\"color: #ff5100;\"><a style=\"color: #ff5100;\" href=\"https:\/\/simex.es\/fr\/blog\/\">blog<\/a><\/span> sur les salles de bains adapt\u00e9es<\/strong><\/h2>\n<p>Chez Simex, nous sommes totalement engag\u00e9s en faveur de l&#8217;accessibilit\u00e9, et c&#8217;est pourquoi nous avons d\u00e9j\u00e0 consacr\u00e9 deux autres publications de ce blog \u00e0 cette question.<\/p>\n<p>D&#8217;une part, le 14 juin 2022, nous avons publi\u00e9<span style=\"color: #ff5100;\"> <a style=\"color: #ff5100;\" href=\"https:\/\/simex.es\/fr\/como-hacer-del-bano-un-espacio-accesible\/\">&#8220;Comment faire de la salle de bains un espace accessible&#8221;<\/a>,<\/span> o\u00f9 nous avons mis en \u00e9vidence les \u00e9l\u00e9ments suivants qui garantissent l&#8217;accessibilit\u00e9 : la signalisation, l&#8217;acc\u00e8s, les dimensions int\u00e9rieures, le rev\u00eatement de sol et le contraste chromatique.\u00a0 En outre, nous avons \u00e9galement expliqu\u00e9 quels sont les \u00e9quipements sanitaires pour les aides techniques \u00e0 la mobilit\u00e9 : douche, baignoire, toilettes, barres d&#8217;appui, lavabo, miroir, accessoires et \u00e9clairage.<\/p>\n<p>D&#8217;autre part, le 5 octobre 2022, nous avons publi\u00e9<span style=\"color: #ff5100;\"> <a style=\"color: #ff5100;\" href=\"https:\/\/simex.es\/fr\/ayudas-a-la-movilidad-en-el-bano\/\">&#8220;Les aides \u00e0 la mobilit\u00e9 dans la salle de bains&#8221;<\/a>,<\/span> o\u00f9 nous avons parl\u00e9 en d\u00e9tail des diff\u00e9rents types d&#8217;aides \u00e0 la mobilit\u00e9 qui existent : barres d&#8217;appui, lavabos, miroirs avec cadre inclinable et si\u00e8ges de douche.<\/p>\n<h2><strong>Contactez nous <\/strong><\/h2>\n<p>Si vous souhaitez passer une commande, si vous avez des questions ou si vous avez besoin de plus d&#8217;informations sur l&#8217;un de nos produits, n&#8217;h\u00e9sitez pas \u00e0 nous <span style=\"color: #ff5100;\"><a style=\"color: #ff5100;\" href=\"https:\/\/simex.es\/fr\/contacto\/\">contacter<\/a>,<\/span> nous nous ferons un plaisir de r\u00e9pondre \u00e0 vos questions !<\/p>\n","protected":false},"excerpt":{"rendered":"<p>D&#8217;une mani\u00e8re g\u00e9n\u00e9rale, et en fonction de la l\u00e9gislation de chaque pays, chaque fois que des toilettes ou des vestiaires sont n\u00e9cessaires, il doit y avoir au moins une toilette accessible pour 10 unit\u00e9s ou fraction de 10 unit\u00e9s de toilettes install\u00e9es, qui peuvent \u00eatre partag\u00e9es par les deux sexes. Toilettes adapt\u00e9es \u00e0 usage public [&#8230;]\n","protected":false},"author":5,"featured_media":173390,"comment_status":"closed","ping_status":"open","sticky":false,"template":"","format":"standard","meta":{"footnotes":""},"categories":[1390],"tags":[],"class_list":["post-195082","post","type-post","status-publish","format-standard","has-post-thumbnail","hentry","category-accessibilite"],"_links":{"self":[{"href":"https:\/\/simex.es\/fr\/wp-json\/wp\/v2\/posts\/195082","targetHints":{"allow":["GET"]}}],"collection":[{"href":"https:\/\/simex.es\/fr\/wp-json\/wp\/v2\/posts"}],"about":[{"href":"https:\/\/simex.es\/fr\/wp-json\/wp\/v2\/types\/post"}],"author":[{"embeddable":true,"href":"https:\/\/simex.es\/fr\/wp-json\/wp\/v2\/users\/5"}],"replies":[{"embeddable":true,"href":"https:\/\/simex.es\/fr\/wp-json\/wp\/v2\/comments?post=195082"}],"version-history":[{"count":0,"href":"https:\/\/simex.es\/fr\/wp-json\/wp\/v2\/posts\/195082\/revisions"}],"wp:featuredmedia":[{"embeddable":true,"href":"https:\/\/simex.es\/fr\/wp-json\/wp\/v2\/media\/173390"}],"wp:attachment":[{"href":"https:\/\/simex.es\/fr\/wp-json\/wp\/v2\/media?parent=195082"}],"wp:term":[{"taxonomy":"category","embeddable":true,"href":"https:\/\/simex.es\/fr\/wp-json\/wp\/v2\/categories?post=195082"},{"taxonomy":"post_tag","embeddable":true,"href":"https:\/\/simex.es\/fr\/wp-json\/wp\/v2\/tags?post=195082"}],"curies":[{"name":"wp","href":"https:\/\/api.w.org\/{rel}","templated":true}]}}