{"id":112137,"date":"2019-10-02T08:39:49","date_gmt":"2019-10-02T08:39:49","guid":{"rendered":"https:\/\/simex.es\/preparados-para-nuestra-participacion-en-interihotel\/"},"modified":"2021-04-28T10:07:18","modified_gmt":"2021-04-28T08:07:18","slug":"prets-pour-notre-participation-a-interihotel","status":"publish","type":"post","link":"https:\/\/simex.es\/fr\/prets-pour-notre-participation-a-interihotel\/","title":{"rendered":"Pr\u00eats pour notre participation \u00e0 Interihotel"},"content":{"rendered":"<p>Dans le cadre de la strat\u00e9gie d&#8217;entreprise que nous suivons chez Simex, nous sommes pr\u00eats pour notre participation, en novembre prochain, \u00e0 un nouveau Salon : InterioHotel.<\/p>\n<p>Il se d\u00e9roulera \u00e0 Barcelone du <strong>mercredi 20 au vendredi 22 novembre<\/strong> au sein du Palais des Congr\u00e8s International et ce sera une excellente occasion de pr\u00e9senter nos produits \u00e0 tous les professionnels du secteur de la d\u00e9coration int\u00e9rieure. En effet, les designers d\u2019int\u00e9rieur sont des acteurs cl\u00e9s sur le march\u00e9 de l&#8217;h\u00f4tellerie avec des projets de r\u00e9forme ou de construction neuve.<\/p>\n<h2><strong>Opportunit\u00e9 de reconnaissance<\/strong><\/h2>\n<p>InteriHotel accueillera des visiteurs internationaux, des exposants et des intervenants venus des quatre coins de la plan\u00e8te. Ce sera pour nous un cadre id\u00e9al pour exposer nos <strong>derniers d\u00e9veloppements de gamme de produits,<\/strong> le tout en ad\u00e9quation avec les principales tendances du march\u00e9.<\/p>\n<p>Un \u00e9v\u00e9nement o\u00f9 sont r\u00e9unis<strong> les architectes, les studios professionnels, les designers d&#8217;int\u00e9rieur, les installateurs et les entrepreneurs<\/strong> est une grande opportunit\u00e9 pour gagner en reconnaissance et pour que vous puissiez rencontrer toute l\u2019\u00e9quipe Simex. Notre objectif est de gagner des parts de march\u00e9 en collaboration avec des associations professionnelles qui sont 100% compatibles avec notre activit\u00e9 et nos services.<\/p>\n<h3><strong>Stand et emplacement<\/strong><\/h3>\n<p>Notre stand \u00e0 InteriHotel est le<strong> C26<\/strong> et il sera diff\u00e9rent de celui que, par exemple, nous avions d\u00e9velopp\u00e9 lors de notre derni\u00e8re participation internationale l&#8217;ann\u00e9e derni\u00e8re \u00e0 EquipHotel Paris. Nous nous adaptons au type de visiteur qu&#8217;InteriHotel a l&#8217;habitude de recevoir.<\/p>\n<p>Nous vous informerons dans les plus brefs d\u00e9lais via nos r\u00e9seaux sociaux de tout ce qui concerne cet \u00e9v\u00e9nement ainsi que sur l\u2019onglet \u00ab\u00a0Actualit\u00e9\u00a0\u00bb \u00a0de notre site internet.<\/p>\n<p>Esp\u00e9rant vous y voir nombreux\u00a0!<\/p>\n","protected":false},"excerpt":{"rendered":"<p>Dans le cadre de la strat\u00e9gie d&#8217;entreprise que nous suivons chez Simex, nous sommes pr\u00eats pour notre participation, en novembre prochain, \u00e0 un nouveau Salon : InterioHotel. Il se d\u00e9roulera \u00e0 Barcelone du mercredi 20 au vendredi 22 novembre au sein du Palais des Congr\u00e8s International et ce sera une excellente occasion de pr\u00e9senter nos [&#8230;]\n","protected":false},"author":5,"featured_media":81648,"comment_status":"open","ping_status":"open","sticky":false,"template":"","format":"standard","meta":{"footnotes":""},"categories":[1392,1,1397],"tags":[],"class_list":["post-112137","post","type-post","status-publish","format-standard","has-post-thumbnail","hentry","category-foires","category-sin-categorizar","category-simex-fr"],"_links":{"self":[{"href":"https:\/\/simex.es\/fr\/wp-json\/wp\/v2\/posts\/112137","targetHints":{"allow":["GET"]}}],"collection":[{"href":"https:\/\/simex.es\/fr\/wp-json\/wp\/v2\/posts"}],"about":[{"href":"https:\/\/simex.es\/fr\/wp-json\/wp\/v2\/types\/post"}],"author":[{"embeddable":true,"href":"https:\/\/simex.es\/fr\/wp-json\/wp\/v2\/users\/5"}],"replies":[{"embeddable":true,"href":"https:\/\/simex.es\/fr\/wp-json\/wp\/v2\/comments?post=112137"}],"version-history":[{"count":0,"href":"https:\/\/simex.es\/fr\/wp-json\/wp\/v2\/posts\/112137\/revisions"}],"wp:featuredmedia":[{"embeddable":true,"href":"https:\/\/simex.es\/fr\/wp-json\/wp\/v2\/media\/81648"}],"wp:attachment":[{"href":"https:\/\/simex.es\/fr\/wp-json\/wp\/v2\/media?parent=112137"}],"wp:term":[{"taxonomy":"category","embeddable":true,"href":"https:\/\/simex.es\/fr\/wp-json\/wp\/v2\/categories?post=112137"},{"taxonomy":"post_tag","embeddable":true,"href":"https:\/\/simex.es\/fr\/wp-json\/wp\/v2\/tags?post=112137"}],"curies":[{"name":"wp","href":"https:\/\/api.w.org\/{rel}","templated":true}]}}